{"id":13752,"date":"2024-10-09T01:24:48","date_gmt":"2024-10-08T23:24:48","guid":{"rendered":"http:\/\/wordpress:8080\/?p=13734"},"modified":"2024-10-13T02:22:16","modified_gmt":"2024-10-13T00:22:16","slug":"m-09-j-10-v-11-s-12-10-24-gualeguaychu-salta","status":"publish","type":"post","link":"https:\/\/www.voyages-cc.fr\/?p=13752","title":{"rendered":"M&rsquo; 09, J 10, V 11 &amp; S 12\/10\/24 : Gualeguaychu &#8211; Salta"},"content":{"rendered":"\n<p class=\"wp-block-paragraph\">Nous voil\u00e0 partis pour rejoindre le nord de l&rsquo;Argentine, une grande liaison de 1350 km.<br>Nous faisons de longues \u00e9tapes (400 km) : <\/p>\n\n\n\n<p class=\"wp-block-paragraph\"><strong>Gualeguaychu &#8211; Rafaela<\/strong><\/p>\n\n\n\n<figure class=\"wp-block-image size-large\"><img loading=\"lazy\" decoding=\"async\" width=\"1024\" height=\"576\" src=\"https:\/\/www.voyages-cc.fr\/WP\/wp-content\/uploads\/2024\/10\/20241010_091931-1024x576.jpg\" alt=\"\" class=\"wp-image-13746\" srcset=\"https:\/\/www.voyages-cc.fr\/WP\/wp-content\/uploads\/2024\/10\/20241010_091931-1024x576.jpg 1024w, https:\/\/www.voyages-cc.fr\/WP\/wp-content\/uploads\/2024\/10\/20241010_091931-300x169.jpg 300w, https:\/\/www.voyages-cc.fr\/WP\/wp-content\/uploads\/2024\/10\/20241010_091931-768x432.jpg 768w, https:\/\/www.voyages-cc.fr\/WP\/wp-content\/uploads\/2024\/10\/20241010_091931-1536x864.jpg 1536w, https:\/\/www.voyages-cc.fr\/WP\/wp-content\/uploads\/2024\/10\/20241010_091931-2048x1152.jpg 2048w\" sizes=\"auto, (max-width: 1024px) 100vw, 1024px\" \/><figcaption class=\"wp-element-caption\">Rafaela : complexe sportif<\/figcaption><\/figure>\n\n\n\n<p class=\"wp-block-paragraph\"><strong>Rafaela &#8211; Santiago del Estero<\/strong><\/p>\n\n\n\n<figure class=\"wp-block-image size-large\"><img loading=\"lazy\" decoding=\"async\" width=\"1024\" height=\"576\" src=\"https:\/\/www.voyages-cc.fr\/WP\/wp-content\/uploads\/2024\/10\/20241010_184147-1024x576.jpg\" alt=\"\" class=\"wp-image-13747\" srcset=\"https:\/\/www.voyages-cc.fr\/WP\/wp-content\/uploads\/2024\/10\/20241010_184147-1024x576.jpg 1024w, https:\/\/www.voyages-cc.fr\/WP\/wp-content\/uploads\/2024\/10\/20241010_184147-300x169.jpg 300w, https:\/\/www.voyages-cc.fr\/WP\/wp-content\/uploads\/2024\/10\/20241010_184147-768x432.jpg 768w, https:\/\/www.voyages-cc.fr\/WP\/wp-content\/uploads\/2024\/10\/20241010_184147-1536x864.jpg 1536w, https:\/\/www.voyages-cc.fr\/WP\/wp-content\/uploads\/2024\/10\/20241010_184147-2048x1152.jpg 2048w\" sizes=\"auto, (max-width: 1024px) 100vw, 1024px\" \/><figcaption class=\"wp-element-caption\">Santiago del Estero : Rio Dulce<\/figcaption><\/figure>\n\n\n\n<figure class=\"wp-block-image size-large\"><img loading=\"lazy\" decoding=\"async\" width=\"1024\" height=\"576\" src=\"https:\/\/www.voyages-cc.fr\/WP\/wp-content\/uploads\/2024\/10\/20241011_084134-1024x576.jpg\" alt=\"\" class=\"wp-image-13748\" srcset=\"https:\/\/www.voyages-cc.fr\/WP\/wp-content\/uploads\/2024\/10\/20241011_084134-1024x576.jpg 1024w, https:\/\/www.voyages-cc.fr\/WP\/wp-content\/uploads\/2024\/10\/20241011_084134-300x169.jpg 300w, https:\/\/www.voyages-cc.fr\/WP\/wp-content\/uploads\/2024\/10\/20241011_084134-768x432.jpg 768w, https:\/\/www.voyages-cc.fr\/WP\/wp-content\/uploads\/2024\/10\/20241011_084134-1536x864.jpg 1536w, https:\/\/www.voyages-cc.fr\/WP\/wp-content\/uploads\/2024\/10\/20241011_084134-2048x1152.jpg 2048w\" sizes=\"auto, (max-width: 1024px) 100vw, 1024px\" \/><figcaption class=\"wp-element-caption\">Stade de Santiago del Estero<\/figcaption><\/figure>\n\n\n\n<p class=\"wp-block-paragraph\"><strong>Santago del Estero &#8211; Salta<\/strong><\/p>\n\n\n\n<p class=\"wp-block-paragraph\">Nous voici revenus au m\u00eame endroit que l&rsquo;an dernier, lieu de superbes rencontres entre fran\u00e7ais. Nous nous \u00e9tions soutenus tout au long de notre route. Quels bons souvenirs.<\/p>\n\n\n\n<p class=\"wp-block-paragraph\">La piscine est toujours aussi vide. Cette fois, pas de fran\u00e7ais en vue, mais des suisses et des br\u00e9siliens et &#8230; des allemands \u00e9migr\u00e9s au Paraguay, toujours pour le m\u00eame motif : ras le bol des normes et imp\u00f4ts.<br>Le soleil brille.<\/p>\n\n\n\n<figure class=\"wp-block-image size-large\"><img loading=\"lazy\" decoding=\"async\" width=\"1024\" height=\"576\" src=\"https:\/\/www.voyages-cc.fr\/WP\/wp-content\/uploads\/2024\/10\/20241012_112129-1024x576.jpg\" alt=\"\" class=\"wp-image-13749\" srcset=\"https:\/\/www.voyages-cc.fr\/WP\/wp-content\/uploads\/2024\/10\/20241012_112129-1024x576.jpg 1024w, https:\/\/www.voyages-cc.fr\/WP\/wp-content\/uploads\/2024\/10\/20241012_112129-300x169.jpg 300w, https:\/\/www.voyages-cc.fr\/WP\/wp-content\/uploads\/2024\/10\/20241012_112129-768x432.jpg 768w, https:\/\/www.voyages-cc.fr\/WP\/wp-content\/uploads\/2024\/10\/20241012_112129-1536x864.jpg 1536w, https:\/\/www.voyages-cc.fr\/WP\/wp-content\/uploads\/2024\/10\/20241012_112129-2048x1152.jpg 2048w\" sizes=\"auto, (max-width: 1024px) 100vw, 1024px\" \/><figcaption class=\"wp-element-caption\">Piscine du camping<\/figcaption><\/figure>\n\n\n\n<p class=\"wp-block-paragraph\"><strong>Salta<\/strong><\/p>\n\n\n\n<p class=\"wp-block-paragraph\">Nous passons la journ\u00e9e de samedi au camping.<\/p>\n\n\n\n<p class=\"wp-block-paragraph\"><\/p>\n","protected":false},"excerpt":{"rendered":"<p>Nous voil\u00e0 partis pour rejoindre le nord de l&rsquo;Argentine, une grande liaison de 1350 km.Nous faisons de longues \u00e9tapes (400 km) : Gualeguaychu &#8211; Rafaela Rafaela &#8211; Santiago del Estero Santago del Estero &#8211; Salta Nous voici revenus au m\u00eame endroit que l&rsquo;an dernier, lieu de superbes rencontres entre fran\u00e7ais. Nous nous \u00e9tions soutenus tout [&hellip;]<\/p>\n","protected":false},"author":1,"featured_media":0,"comment_status":"open","ping_status":"closed","sticky":false,"template":"","format":"standard","meta":{"_crdt_document":"","footnotes":""},"categories":[40,43],"tags":[],"class_list":["post-13752","post","type-post","status-publish","format-standard","hentry","category-ameriques","category-argentine"],"_links":{"self":[{"href":"https:\/\/www.voyages-cc.fr\/index.php?rest_route=\/wp\/v2\/posts\/13752","targetHints":{"allow":["GET"]}}],"collection":[{"href":"https:\/\/www.voyages-cc.fr\/index.php?rest_route=\/wp\/v2\/posts"}],"about":[{"href":"https:\/\/www.voyages-cc.fr\/index.php?rest_route=\/wp\/v2\/types\/post"}],"author":[{"embeddable":true,"href":"https:\/\/www.voyages-cc.fr\/index.php?rest_route=\/wp\/v2\/users\/1"}],"replies":[{"embeddable":true,"href":"https:\/\/www.voyages-cc.fr\/index.php?rest_route=%2Fwp%2Fv2%2Fcomments&post=13752"}],"version-history":[{"count":1,"href":"https:\/\/www.voyages-cc.fr\/index.php?rest_route=\/wp\/v2\/posts\/13752\/revisions"}],"predecessor-version":[{"id":13760,"href":"https:\/\/www.voyages-cc.fr\/index.php?rest_route=\/wp\/v2\/posts\/13752\/revisions\/13760"}],"wp:attachment":[{"href":"https:\/\/www.voyages-cc.fr\/index.php?rest_route=%2Fwp%2Fv2%2Fmedia&parent=13752"}],"wp:term":[{"taxonomy":"category","embeddable":true,"href":"https:\/\/www.voyages-cc.fr\/index.php?rest_route=%2Fwp%2Fv2%2Fcategories&post=13752"},{"taxonomy":"post_tag","embeddable":true,"href":"https:\/\/www.voyages-cc.fr\/index.php?rest_route=%2Fwp%2Fv2%2Ftags&post=13752"}],"curies":[{"name":"wp","href":"https:\/\/api.w.org\/{rel}","templated":true}]}}