{"id":13786,"date":"2024-10-14T02:28:24","date_gmt":"2024-10-14T00:28:24","guid":{"rendered":"http:\/\/wordpress:8080\/?p=13786"},"modified":"2024-10-16T03:55:48","modified_gmt":"2024-10-16T01:55:48","slug":"l-14-10-24-purmamarca-susques","status":"publish","type":"post","link":"https:\/\/www.voyages-cc.fr\/?p=13786","title":{"rendered":"L 14\/10\/24 : Purmamarca &#8211; Susques"},"content":{"rendered":"\n<p class=\"wp-block-paragraph\">Ce jour, nous empruntons la ruta 52 qui nous m\u00e8nera au Chili par le Paso de Jama.<\/p>\n\n\n\n<p class=\"wp-block-paragraph\">De nombreux virages, parfois en \u00e9pingle \u00e0 cheveux, pour arriver au col de Lip\u00e1n.<\/p>\n\n\n\n<figure class=\"wp-block-image size-large\"><img loading=\"lazy\" decoding=\"async\" width=\"1024\" height=\"576\" src=\"https:\/\/www.voyages-cc.fr\/WP\/wp-content\/uploads\/2024\/10\/70D004_1631-1024x576.jpg\" alt=\"\" class=\"wp-image-13796\" srcset=\"https:\/\/www.voyages-cc.fr\/WP\/wp-content\/uploads\/2024\/10\/70D004_1631-1024x576.jpg 1024w, https:\/\/www.voyages-cc.fr\/WP\/wp-content\/uploads\/2024\/10\/70D004_1631-300x169.jpg 300w, https:\/\/www.voyages-cc.fr\/WP\/wp-content\/uploads\/2024\/10\/70D004_1631-768x432.jpg 768w, https:\/\/www.voyages-cc.fr\/WP\/wp-content\/uploads\/2024\/10\/70D004_1631-1536x864.jpg 1536w, https:\/\/www.voyages-cc.fr\/WP\/wp-content\/uploads\/2024\/10\/70D004_1631-2048x1152.jpg 2048w\" sizes=\"auto, (max-width: 1024px) 100vw, 1024px\" \/><figcaption class=\"wp-element-caption\">Mont\u00e9e du col de Lipan<\/figcaption><\/figure>\n\n\n\n<figure class=\"wp-block-image size-large\"><img loading=\"lazy\" decoding=\"async\" width=\"1024\" height=\"576\" src=\"https:\/\/www.voyages-cc.fr\/WP\/wp-content\/uploads\/2024\/10\/IMG_0431-1024x576.jpg\" alt=\"\" class=\"wp-image-13798\" srcset=\"https:\/\/www.voyages-cc.fr\/WP\/wp-content\/uploads\/2024\/10\/IMG_0431-1024x576.jpg 1024w, https:\/\/www.voyages-cc.fr\/WP\/wp-content\/uploads\/2024\/10\/IMG_0431-300x169.jpg 300w, https:\/\/www.voyages-cc.fr\/WP\/wp-content\/uploads\/2024\/10\/IMG_0431-768x432.jpg 768w, https:\/\/www.voyages-cc.fr\/WP\/wp-content\/uploads\/2024\/10\/IMG_0431-1536x864.jpg 1536w, https:\/\/www.voyages-cc.fr\/WP\/wp-content\/uploads\/2024\/10\/IMG_0431-2048x1152.jpg 2048w\" sizes=\"auto, (max-width: 1024px) 100vw, 1024px\" \/><figcaption class=\"wp-element-caption\">Col de Lipan<\/figcaption><\/figure>\n\n\n\n<figure class=\"wp-block-image size-large\"><img loading=\"lazy\" decoding=\"async\" width=\"1024\" height=\"576\" src=\"https:\/\/www.voyages-cc.fr\/WP\/wp-content\/uploads\/2024\/10\/70D004_1632-1024x576.jpg\" alt=\"\" class=\"wp-image-13797\" srcset=\"https:\/\/www.voyages-cc.fr\/WP\/wp-content\/uploads\/2024\/10\/70D004_1632-1024x576.jpg 1024w, https:\/\/www.voyages-cc.fr\/WP\/wp-content\/uploads\/2024\/10\/70D004_1632-300x169.jpg 300w, https:\/\/www.voyages-cc.fr\/WP\/wp-content\/uploads\/2024\/10\/70D004_1632-768x432.jpg 768w, https:\/\/www.voyages-cc.fr\/WP\/wp-content\/uploads\/2024\/10\/70D004_1632-1536x864.jpg 1536w, https:\/\/www.voyages-cc.fr\/WP\/wp-content\/uploads\/2024\/10\/70D004_1632-2048x1152.jpg 2048w\" sizes=\"auto, (max-width: 1024px) 100vw, 1024px\" \/><figcaption class=\"wp-element-caption\">Panorama dans la descente du col de Lipan<\/figcaption><\/figure>\n\n\n\n<p class=\"wp-block-paragraph\">Puis la route traverse les Salinas Grandes, le plus grand salar d\u2019Argentine, \u00e0 3400m o\u00f9 nous nous arr\u00eatons. Il n\u2019y a plus d\u2019effet miroir, trop tard en saison, mais nous profitons de quelques spots pour faire les photos.<\/p>\n\n\n\n<figure class=\"wp-block-image size-large\"><img loading=\"lazy\" decoding=\"async\" width=\"1024\" height=\"576\" src=\"https:\/\/www.voyages-cc.fr\/WP\/wp-content\/uploads\/2024\/10\/70D004_1635-1024x576.jpg\" alt=\"\" class=\"wp-image-13800\" srcset=\"https:\/\/www.voyages-cc.fr\/WP\/wp-content\/uploads\/2024\/10\/70D004_1635-1024x576.jpg 1024w, https:\/\/www.voyages-cc.fr\/WP\/wp-content\/uploads\/2024\/10\/70D004_1635-300x169.jpg 300w, https:\/\/www.voyages-cc.fr\/WP\/wp-content\/uploads\/2024\/10\/70D004_1635-768x432.jpg 768w, https:\/\/www.voyages-cc.fr\/WP\/wp-content\/uploads\/2024\/10\/70D004_1635-1536x864.jpg 1536w, https:\/\/www.voyages-cc.fr\/WP\/wp-content\/uploads\/2024\/10\/70D004_1635-2048x1152.jpg 2048w\" sizes=\"auto, (max-width: 1024px) 100vw, 1024px\" \/><figcaption class=\"wp-element-caption\">Salinas (sans Grandes)<\/figcaption><\/figure>\n\n\n\n<figure class=\"wp-block-image size-large\"><img loading=\"lazy\" decoding=\"async\" width=\"1024\" height=\"375\" src=\"https:\/\/www.voyages-cc.fr\/WP\/wp-content\/uploads\/2024\/10\/IMG_0447-1024x375.jpg\" alt=\"\" class=\"wp-image-13805\" srcset=\"https:\/\/www.voyages-cc.fr\/WP\/wp-content\/uploads\/2024\/10\/IMG_0447-1024x375.jpg 1024w, https:\/\/www.voyages-cc.fr\/WP\/wp-content\/uploads\/2024\/10\/IMG_0447-300x110.jpg 300w, https:\/\/www.voyages-cc.fr\/WP\/wp-content\/uploads\/2024\/10\/IMG_0447-768x281.jpg 768w, https:\/\/www.voyages-cc.fr\/WP\/wp-content\/uploads\/2024\/10\/IMG_0447-1536x563.jpg 1536w, https:\/\/www.voyages-cc.fr\/WP\/wp-content\/uploads\/2024\/10\/IMG_0447-2048x750.jpg 2048w\" sizes=\"auto, (max-width: 1024px) 100vw, 1024px\" \/><figcaption class=\"wp-element-caption\">Salinas Grandes<\/figcaption><\/figure>\n\n\n\n<figure class=\"wp-block-image size-large\"><img loading=\"lazy\" decoding=\"async\" width=\"1024\" height=\"576\" src=\"https:\/\/www.voyages-cc.fr\/WP\/wp-content\/uploads\/2024\/10\/IMG_0438-1024x576.jpg\" alt=\"\" class=\"wp-image-13804\" srcset=\"https:\/\/www.voyages-cc.fr\/WP\/wp-content\/uploads\/2024\/10\/IMG_0438-1024x576.jpg 1024w, https:\/\/www.voyages-cc.fr\/WP\/wp-content\/uploads\/2024\/10\/IMG_0438-300x169.jpg 300w, https:\/\/www.voyages-cc.fr\/WP\/wp-content\/uploads\/2024\/10\/IMG_0438-768x432.jpg 768w, https:\/\/www.voyages-cc.fr\/WP\/wp-content\/uploads\/2024\/10\/IMG_0438-1536x864.jpg 1536w, https:\/\/www.voyages-cc.fr\/WP\/wp-content\/uploads\/2024\/10\/IMG_0438-2048x1152.jpg 2048w\" sizes=\"auto, (max-width: 1024px) 100vw, 1024px\" \/><figcaption class=\"wp-element-caption\">D\u00e9tail de la surface de sel<\/figcaption><\/figure>\n\n\n\n<figure class=\"wp-block-image size-large\"><img loading=\"lazy\" decoding=\"async\" width=\"1024\" height=\"576\" src=\"https:\/\/www.voyages-cc.fr\/WP\/wp-content\/uploads\/2024\/10\/70D004_1636-1024x576.jpg\" alt=\"\" class=\"wp-image-13801\" srcset=\"https:\/\/www.voyages-cc.fr\/WP\/wp-content\/uploads\/2024\/10\/70D004_1636-1024x576.jpg 1024w, https:\/\/www.voyages-cc.fr\/WP\/wp-content\/uploads\/2024\/10\/70D004_1636-300x169.jpg 300w, https:\/\/www.voyages-cc.fr\/WP\/wp-content\/uploads\/2024\/10\/70D004_1636-768x432.jpg 768w, https:\/\/www.voyages-cc.fr\/WP\/wp-content\/uploads\/2024\/10\/70D004_1636.jpg 1513w\" sizes=\"auto, (max-width: 1024px) 100vw, 1024px\" \/><figcaption class=\"wp-element-caption\">Non au lithium<\/figcaption><\/figure>\n\n\n\n<figure class=\"wp-block-gallery has-nested-images columns-default is-cropped wp-block-gallery-1 is-layout-flex wp-block-gallery-is-layout-flex\">\n<figure class=\"wp-block-image size-large\"><img loading=\"lazy\" decoding=\"async\" width=\"1024\" height=\"576\" data-id=\"13802\" src=\"https:\/\/www.voyages-cc.fr\/WP\/wp-content\/uploads\/2024\/10\/70D004_1638-1024x576.jpg\" alt=\"\" class=\"wp-image-13802\" srcset=\"https:\/\/www.voyages-cc.fr\/WP\/wp-content\/uploads\/2024\/10\/70D004_1638-1024x576.jpg 1024w, https:\/\/www.voyages-cc.fr\/WP\/wp-content\/uploads\/2024\/10\/70D004_1638-300x169.jpg 300w, https:\/\/www.voyages-cc.fr\/WP\/wp-content\/uploads\/2024\/10\/70D004_1638-768x432.jpg 768w, https:\/\/www.voyages-cc.fr\/WP\/wp-content\/uploads\/2024\/10\/70D004_1638-1536x864.jpg 1536w, https:\/\/www.voyages-cc.fr\/WP\/wp-content\/uploads\/2024\/10\/70D004_1638-2048x1152.jpg 2048w\" sizes=\"auto, (max-width: 1024px) 100vw, 1024px\" \/><\/figure>\n\n\n\n<figure class=\"wp-block-image size-large\"><img loading=\"lazy\" decoding=\"async\" width=\"1024\" height=\"576\" data-id=\"13806\" src=\"https:\/\/www.voyages-cc.fr\/WP\/wp-content\/uploads\/2024\/10\/IMG_0448-1024x576.jpg\" alt=\"\" class=\"wp-image-13806\" srcset=\"https:\/\/www.voyages-cc.fr\/WP\/wp-content\/uploads\/2024\/10\/IMG_0448-1024x576.jpg 1024w, https:\/\/www.voyages-cc.fr\/WP\/wp-content\/uploads\/2024\/10\/IMG_0448-300x169.jpg 300w, https:\/\/www.voyages-cc.fr\/WP\/wp-content\/uploads\/2024\/10\/IMG_0448-768x432.jpg 768w, https:\/\/www.voyages-cc.fr\/WP\/wp-content\/uploads\/2024\/10\/IMG_0448-1536x864.jpg 1536w, https:\/\/www.voyages-cc.fr\/WP\/wp-content\/uploads\/2024\/10\/IMG_0448-2048x1152.jpg 2048w\" sizes=\"auto, (max-width: 1024px) 100vw, 1024px\" \/><\/figure>\n<figcaption class=\"blocks-gallery-caption wp-element-caption\">Chacun son style<\/figcaption><\/figure>\n\n\n\n<figure class=\"wp-block-image size-large\"><img loading=\"lazy\" decoding=\"async\" width=\"1024\" height=\"576\" src=\"https:\/\/www.voyages-cc.fr\/WP\/wp-content\/uploads\/2024\/10\/70D004_1634-1024x576.jpg\" alt=\"\" class=\"wp-image-13799\" srcset=\"https:\/\/www.voyages-cc.fr\/WP\/wp-content\/uploads\/2024\/10\/70D004_1634-1024x576.jpg 1024w, https:\/\/www.voyages-cc.fr\/WP\/wp-content\/uploads\/2024\/10\/70D004_1634-300x169.jpg 300w, https:\/\/www.voyages-cc.fr\/WP\/wp-content\/uploads\/2024\/10\/70D004_1634-768x432.jpg 768w, https:\/\/www.voyages-cc.fr\/WP\/wp-content\/uploads\/2024\/10\/70D004_1634-1536x864.jpg 1536w, https:\/\/www.voyages-cc.fr\/WP\/wp-content\/uploads\/2024\/10\/70D004_1634-2048x1152.jpg 2048w\" sizes=\"auto, (max-width: 1024px) 100vw, 1024px\" \/><figcaption class=\"wp-element-caption\">Nature en sel<\/figcaption><\/figure>\n\n\n\n<figure class=\"wp-block-image size-large is-resized\"><img loading=\"lazy\" decoding=\"async\" width=\"768\" height=\"1024\" src=\"https:\/\/www.voyages-cc.fr\/WP\/wp-content\/uploads\/2024\/10\/IMG_0435-768x1024.jpg\" alt=\"\" class=\"wp-image-13803\" style=\"width:450px\" srcset=\"https:\/\/www.voyages-cc.fr\/WP\/wp-content\/uploads\/2024\/10\/IMG_0435-768x1024.jpg 768w, https:\/\/www.voyages-cc.fr\/WP\/wp-content\/uploads\/2024\/10\/IMG_0435-225x300.jpg 225w, https:\/\/www.voyages-cc.fr\/WP\/wp-content\/uploads\/2024\/10\/IMG_0435-1152x1536.jpg 1152w, https:\/\/www.voyages-cc.fr\/WP\/wp-content\/uploads\/2024\/10\/IMG_0435-1536x2048.jpg 1536w, https:\/\/www.voyages-cc.fr\/WP\/wp-content\/uploads\/2024\/10\/IMG_0435-scaled.jpg 1920w\" sizes=\"auto, (max-width: 768px) 100vw, 768px\" \/><figcaption class=\"wp-element-caption\">O\u00f9 allez-vous ?<\/figcaption><\/figure>\n\n\n\n<p class=\"wp-block-paragraph\">Lors de la pause de midi, Bruno exp\u00e9rimente son nouveau joujou : le drone !<\/p>\n\n\n\n<figure class=\"wp-block-image size-large\"><img loading=\"lazy\" decoding=\"async\" width=\"1024\" height=\"576\" src=\"https:\/\/www.voyages-cc.fr\/WP\/wp-content\/uploads\/2024\/10\/DJI-2024-10-14-Susques-1024x576.jpg\" alt=\"\" class=\"wp-image-13810\" srcset=\"https:\/\/www.voyages-cc.fr\/WP\/wp-content\/uploads\/2024\/10\/DJI-2024-10-14-Susques-1024x576.jpg 1024w, https:\/\/www.voyages-cc.fr\/WP\/wp-content\/uploads\/2024\/10\/DJI-2024-10-14-Susques-300x169.jpg 300w, https:\/\/www.voyages-cc.fr\/WP\/wp-content\/uploads\/2024\/10\/DJI-2024-10-14-Susques-768x432.jpg 768w, https:\/\/www.voyages-cc.fr\/WP\/wp-content\/uploads\/2024\/10\/DJI-2024-10-14-Susques-1536x864.jpg 1536w, https:\/\/www.voyages-cc.fr\/WP\/wp-content\/uploads\/2024\/10\/DJI-2024-10-14-Susques-2048x1152.jpg 2048w\" sizes=\"auto, (max-width: 1024px) 100vw, 1024px\" \/><figcaption class=\"wp-element-caption\">Trottinette au milieu du d\u00e9sert<\/figcaption><\/figure>\n\n\n\n<p class=\"wp-block-paragraph\">Nous ferons \u00e9tape \u00e0 Susques \u00e0 3887 m. Petite ville tr\u00e8s ancienne, l\u2019\u00e9glise datant de 1556. <\/p>\n\n\n\n<figure class=\"wp-block-image size-large\"><img loading=\"lazy\" decoding=\"async\" width=\"1024\" height=\"576\" src=\"https:\/\/www.voyages-cc.fr\/WP\/wp-content\/uploads\/2024\/10\/70D004_1639-1024x576.jpg\" alt=\"\" class=\"wp-image-13807\" srcset=\"https:\/\/www.voyages-cc.fr\/WP\/wp-content\/uploads\/2024\/10\/70D004_1639-1024x576.jpg 1024w, https:\/\/www.voyages-cc.fr\/WP\/wp-content\/uploads\/2024\/10\/70D004_1639-300x169.jpg 300w, https:\/\/www.voyages-cc.fr\/WP\/wp-content\/uploads\/2024\/10\/70D004_1639-768x432.jpg 768w, https:\/\/www.voyages-cc.fr\/WP\/wp-content\/uploads\/2024\/10\/70D004_1639-1536x864.jpg 1536w, https:\/\/www.voyages-cc.fr\/WP\/wp-content\/uploads\/2024\/10\/70D004_1639-2048x1152.jpg 2048w\" sizes=\"auto, (max-width: 1024px) 100vw, 1024px\" \/><figcaption class=\"wp-element-caption\">L&rsquo;\u00e9glise dont le toit et le mur d&rsquo;enclos sont couverts de paille<\/figcaption><\/figure>\n\n\n\n<figure class=\"wp-block-image size-large\"><img loading=\"lazy\" decoding=\"async\" width=\"1024\" height=\"576\" src=\"https:\/\/www.voyages-cc.fr\/WP\/wp-content\/uploads\/2024\/10\/70D004_1644-1024x576.jpg\" alt=\"\" class=\"wp-image-13809\" srcset=\"https:\/\/www.voyages-cc.fr\/WP\/wp-content\/uploads\/2024\/10\/70D004_1644-1024x576.jpg 1024w, https:\/\/www.voyages-cc.fr\/WP\/wp-content\/uploads\/2024\/10\/70D004_1644-300x169.jpg 300w, https:\/\/www.voyages-cc.fr\/WP\/wp-content\/uploads\/2024\/10\/70D004_1644-768x432.jpg 768w, https:\/\/www.voyages-cc.fr\/WP\/wp-content\/uploads\/2024\/10\/70D004_1644-1536x864.jpg 1536w, https:\/\/www.voyages-cc.fr\/WP\/wp-content\/uploads\/2024\/10\/70D004_1644-2048x1152.jpg 2048w\" sizes=\"auto, (max-width: 1024px) 100vw, 1024px\" \/><figcaption class=\"wp-element-caption\">Le cimeti\u00e8re<\/figcaption><\/figure>\n\n\n\n<figure class=\"wp-block-image size-large\"><img loading=\"lazy\" decoding=\"async\" width=\"1024\" height=\"576\" src=\"https:\/\/www.voyages-cc.fr\/WP\/wp-content\/uploads\/2024\/10\/70D004_1643-1024x576.jpg\" alt=\"\" class=\"wp-image-13808\" srcset=\"https:\/\/www.voyages-cc.fr\/WP\/wp-content\/uploads\/2024\/10\/70D004_1643-1024x576.jpg 1024w, https:\/\/www.voyages-cc.fr\/WP\/wp-content\/uploads\/2024\/10\/70D004_1643-300x169.jpg 300w, https:\/\/www.voyages-cc.fr\/WP\/wp-content\/uploads\/2024\/10\/70D004_1643-768x432.jpg 768w, https:\/\/www.voyages-cc.fr\/WP\/wp-content\/uploads\/2024\/10\/70D004_1643-1536x864.jpg 1536w, https:\/\/www.voyages-cc.fr\/WP\/wp-content\/uploads\/2024\/10\/70D004_1643-2048x1152.jpg 2048w\" sizes=\"auto, (max-width: 1024px) 100vw, 1024px\" \/><figcaption class=\"wp-element-caption\">Nativos<\/figcaption><\/figure>\n\n\n\n<p class=\"wp-block-paragraph\"><\/p>\n","protected":false},"excerpt":{"rendered":"<p>Ce jour, nous empruntons la ruta 52 qui nous m\u00e8nera au Chili par le Paso de Jama. De nombreux virages, parfois en \u00e9pingle \u00e0 cheveux, pour arriver au col de Lip\u00e1n. Puis la route traverse les Salinas Grandes, le plus grand salar d\u2019Argentine, \u00e0 3400m o\u00f9 nous nous arr\u00eatons. Il n\u2019y a plus d\u2019effet miroir, [&hellip;]<\/p>\n","protected":false},"author":1,"featured_media":0,"comment_status":"open","ping_status":"closed","sticky":false,"template":"","format":"standard","meta":{"_crdt_document":"","footnotes":""},"categories":[40,43],"tags":[],"class_list":["post-13786","post","type-post","status-publish","format-standard","hentry","category-ameriques","category-argentine"],"_links":{"self":[{"href":"https:\/\/www.voyages-cc.fr\/index.php?rest_route=\/wp\/v2\/posts\/13786","targetHints":{"allow":["GET"]}}],"collection":[{"href":"https:\/\/www.voyages-cc.fr\/index.php?rest_route=\/wp\/v2\/posts"}],"about":[{"href":"https:\/\/www.voyages-cc.fr\/index.php?rest_route=\/wp\/v2\/types\/post"}],"author":[{"embeddable":true,"href":"https:\/\/www.voyages-cc.fr\/index.php?rest_route=\/wp\/v2\/users\/1"}],"replies":[{"embeddable":true,"href":"https:\/\/www.voyages-cc.fr\/index.php?rest_route=%2Fwp%2Fv2%2Fcomments&post=13786"}],"version-history":[{"count":2,"href":"https:\/\/www.voyages-cc.fr\/index.php?rest_route=\/wp\/v2\/posts\/13786\/revisions"}],"predecessor-version":[{"id":13814,"href":"https:\/\/www.voyages-cc.fr\/index.php?rest_route=\/wp\/v2\/posts\/13786\/revisions\/13814"}],"wp:attachment":[{"href":"https:\/\/www.voyages-cc.fr\/index.php?rest_route=%2Fwp%2Fv2%2Fmedia&parent=13786"}],"wp:term":[{"taxonomy":"category","embeddable":true,"href":"https:\/\/www.voyages-cc.fr\/index.php?rest_route=%2Fwp%2Fv2%2Fcategories&post=13786"},{"taxonomy":"post_tag","embeddable":true,"href":"https:\/\/www.voyages-cc.fr\/index.php?rest_route=%2Fwp%2Fv2%2Ftags&post=13786"}],"curies":[{"name":"wp","href":"https:\/\/api.w.org\/{rel}","templated":true}]}}