{"id":13793,"date":"2024-10-15T04:25:36","date_gmt":"2024-10-15T02:25:36","guid":{"rendered":"http:\/\/wordpress:8080\/?p=13793"},"modified":"2025-12-21T17:23:36","modified_gmt":"2025-12-21T16:23:36","slug":"m-15-10-24-susques-san-pedro-de-atacama","status":"publish","type":"post","link":"https:\/\/www.voyages-cc.fr\/?p=13793","title":{"rendered":"M 15\/10\/24 : Susques &#8211; San Pedro de Atacama"},"content":{"rendered":"\n<p class=\"wp-block-paragraph\">Au petit matin &#8211; alors que la temp\u00e9rature ext\u00e9rieure est de 4\u00b0C, contrastant avec les 27\u00b0C d\u2019hier apr\u00e8s midi &#8211; nous passons \u00e0 la station service pour faire le plein que nous payons avec nos derniers pesos argentins, compl\u00e9t\u00e9s par des dollars US, avant de rejoindre la fronti\u00e8re au Paso de Jama.&nbsp;<\/p>\n\n\n\n<p class=\"wp-block-paragraph\">L\u00e0, les formalit\u00e9s se passent bien et rapidement. Nous discutons avec des coll\u00e8gues argentins qui partent au P\u00e9rou.&nbsp;<\/p>\n\n\n\n<figure class=\"wp-block-image size-large\"><img loading=\"lazy\" decoding=\"async\" width=\"1024\" height=\"576\" src=\"https:\/\/www.voyages-cc.fr\/WP\/wp-content\/uploads\/2024\/10\/IMG_0465-1024x576.jpg\" alt=\"\" class=\"wp-image-13819\" srcset=\"https:\/\/www.voyages-cc.fr\/WP\/wp-content\/uploads\/2024\/10\/IMG_0465-1024x576.jpg 1024w, https:\/\/www.voyages-cc.fr\/WP\/wp-content\/uploads\/2024\/10\/IMG_0465-300x169.jpg 300w, https:\/\/www.voyages-cc.fr\/WP\/wp-content\/uploads\/2024\/10\/IMG_0465-768x432.jpg 768w, https:\/\/www.voyages-cc.fr\/WP\/wp-content\/uploads\/2024\/10\/IMG_0465-1536x864.jpg 1536w, https:\/\/www.voyages-cc.fr\/WP\/wp-content\/uploads\/2024\/10\/IMG_0465-2048x1152.jpg 2048w\" sizes=\"auto, (max-width: 1024px) 100vw, 1024px\" \/><figcaption class=\"wp-element-caption\">Fronti\u00e8re Argentine &#8211; Chili<\/figcaption><\/figure>\n\n\n\n<p class=\"wp-block-paragraph\">Continuant le chemin nous faisons une nouvelle pause d\u00e9jeuner&nbsp;au milieu de lagunes sal\u00e9es qui sera encore une occasion de drone!&nbsp;<\/p>\n\n\n\n<figure class=\"wp-block-image size-large\"><img loading=\"lazy\" decoding=\"async\" width=\"1024\" height=\"576\" src=\"https:\/\/www.voyages-cc.fr\/WP\/wp-content\/uploads\/2024\/10\/DJI0040_001-1024x576.jpg\" alt=\"\" class=\"wp-image-13826\" srcset=\"https:\/\/www.voyages-cc.fr\/WP\/wp-content\/uploads\/2024\/10\/DJI0040_001-1024x576.jpg 1024w, https:\/\/www.voyages-cc.fr\/WP\/wp-content\/uploads\/2024\/10\/DJI0040_001-300x169.jpg 300w, https:\/\/www.voyages-cc.fr\/WP\/wp-content\/uploads\/2024\/10\/DJI0040_001-768x432.jpg 768w, https:\/\/www.voyages-cc.fr\/WP\/wp-content\/uploads\/2024\/10\/DJI0040_001-1536x864.jpg 1536w, https:\/\/www.voyages-cc.fr\/WP\/wp-content\/uploads\/2024\/10\/DJI0040_001-2048x1152.jpg 2048w\" sizes=\"auto, (max-width: 1024px) 100vw, 1024px\" \/><figcaption class=\"wp-element-caption\">Laguna Quisquiro<\/figcaption><\/figure>\n\n\n\n<figure class=\"wp-block-image size-large\"><img loading=\"lazy\" decoding=\"async\" width=\"1024\" height=\"576\" src=\"https:\/\/www.voyages-cc.fr\/WP\/wp-content\/uploads\/2024\/10\/DJI001_0047-1024x576.jpg\" alt=\"\" class=\"wp-image-13821\" srcset=\"https:\/\/www.voyages-cc.fr\/WP\/wp-content\/uploads\/2024\/10\/DJI001_0047-1024x576.jpg 1024w, https:\/\/www.voyages-cc.fr\/WP\/wp-content\/uploads\/2024\/10\/DJI001_0047-300x169.jpg 300w, https:\/\/www.voyages-cc.fr\/WP\/wp-content\/uploads\/2024\/10\/DJI001_0047-768x432.jpg 768w, https:\/\/www.voyages-cc.fr\/WP\/wp-content\/uploads\/2024\/10\/DJI001_0047-1536x864.jpg 1536w, https:\/\/www.voyages-cc.fr\/WP\/wp-content\/uploads\/2024\/10\/DJI001_0047-2048x1152.jpg 2048w\" sizes=\"auto, (max-width: 1024px) 100vw, 1024px\" \/><figcaption class=\"wp-element-caption\">Laguna Quisquiro<\/figcaption><\/figure>\n\n\n\n<figure class=\"wp-block-image size-large\"><img loading=\"lazy\" decoding=\"async\" width=\"1024\" height=\"576\" src=\"https:\/\/www.voyages-cc.fr\/WP\/wp-content\/uploads\/2024\/10\/DJI0041_002-1024x576.jpg\" alt=\"\" class=\"wp-image-13827\" srcset=\"https:\/\/www.voyages-cc.fr\/WP\/wp-content\/uploads\/2024\/10\/DJI0041_002-1024x576.jpg 1024w, https:\/\/www.voyages-cc.fr\/WP\/wp-content\/uploads\/2024\/10\/DJI0041_002-300x169.jpg 300w, https:\/\/www.voyages-cc.fr\/WP\/wp-content\/uploads\/2024\/10\/DJI0041_002-768x432.jpg 768w, https:\/\/www.voyages-cc.fr\/WP\/wp-content\/uploads\/2024\/10\/DJI0041_002-1536x864.jpg 1536w, https:\/\/www.voyages-cc.fr\/WP\/wp-content\/uploads\/2024\/10\/DJI0041_002-2048x1152.jpg 2048w\" sizes=\"auto, (max-width: 1024px) 100vw, 1024px\" \/><figcaption class=\"wp-element-caption\">Dendrites de sel<\/figcaption><\/figure>\n\n\n\n<figure class=\"wp-block-image\"><img loading=\"lazy\" decoding=\"async\" width=\"2560\" height=\"1440\" src=\"https:\/\/www.voyages-cc.fr\/WP\/wp-content\/uploads\/2024\/10\/DJI0041_003-scaled.jpg\" alt=\"\" class=\"wp-image-13825\" srcset=\"https:\/\/www.voyages-cc.fr\/WP\/wp-content\/uploads\/2024\/10\/DJI0041_003-scaled.jpg 2560w, https:\/\/www.voyages-cc.fr\/WP\/wp-content\/uploads\/2024\/10\/DJI0041_003-300x169.jpg 300w, https:\/\/www.voyages-cc.fr\/WP\/wp-content\/uploads\/2024\/10\/DJI0041_003-1024x576.jpg 1024w, https:\/\/www.voyages-cc.fr\/WP\/wp-content\/uploads\/2024\/10\/DJI0041_003-768x432.jpg 768w, https:\/\/www.voyages-cc.fr\/WP\/wp-content\/uploads\/2024\/10\/DJI0041_003-1536x864.jpg 1536w, https:\/\/www.voyages-cc.fr\/WP\/wp-content\/uploads\/2024\/10\/DJI0041_003-2048x1152.jpg 2048w\" sizes=\"auto, (max-width: 2560px) 100vw, 2560px\" \/><figcaption class=\"wp-element-caption\">Traces<\/figcaption><\/figure>\n\n\n\n<p class=\"wp-block-paragraph\">Nous passons deux cols \u00e0&nbsp;l\u2019altitude du Mont Blanc \ud83d\ude09, dans une nature spectaculaire.<\/p>\n\n\n\n<figure class=\"wp-block-image size-full\"><img loading=\"lazy\" decoding=\"async\" width=\"800\" height=\"480\" src=\"https:\/\/www.voyages-cc.fr\/WP\/wp-content\/uploads\/2024\/10\/13107958.jpg\" alt=\"\" class=\"wp-image-13817\" srcset=\"https:\/\/www.voyages-cc.fr\/WP\/wp-content\/uploads\/2024\/10\/13107958.jpg 800w, https:\/\/www.voyages-cc.fr\/WP\/wp-content\/uploads\/2024\/10\/13107958-300x180.jpg 300w, https:\/\/www.voyages-cc.fr\/WP\/wp-content\/uploads\/2024\/10\/13107958-768x461.jpg 768w\" sizes=\"auto, (max-width: 800px) 100vw, 800px\" \/><figcaption class=\"wp-element-caption\">Plus haut que le Mont Blanc !<\/figcaption><\/figure>\n\n\n\n<figure class=\"wp-block-image size-large\"><img loading=\"lazy\" decoding=\"async\" width=\"1024\" height=\"576\" src=\"https:\/\/www.voyages-cc.fr\/WP\/wp-content\/uploads\/2024\/10\/70D004_1648-1024x576.jpg\" alt=\"\" class=\"wp-image-13815\" srcset=\"https:\/\/www.voyages-cc.fr\/WP\/wp-content\/uploads\/2024\/10\/70D004_1648-1024x576.jpg 1024w, https:\/\/www.voyages-cc.fr\/WP\/wp-content\/uploads\/2024\/10\/70D004_1648-300x169.jpg 300w, https:\/\/www.voyages-cc.fr\/WP\/wp-content\/uploads\/2024\/10\/70D004_1648-768x432.jpg 768w, https:\/\/www.voyages-cc.fr\/WP\/wp-content\/uploads\/2024\/10\/70D004_1648-1536x864.jpg 1536w, https:\/\/www.voyages-cc.fr\/WP\/wp-content\/uploads\/2024\/10\/70D004_1648-2048x1152.jpg 2048w\" sizes=\"auto, (max-width: 1024px) 100vw, 1024px\" \/><figcaption class=\"wp-element-caption\">Salar de Tara<\/figcaption><\/figure>\n\n\n\n<figure class=\"wp-block-image size-large\"><img loading=\"lazy\" decoding=\"async\" width=\"1024\" height=\"576\" src=\"https:\/\/www.voyages-cc.fr\/WP\/wp-content\/uploads\/2024\/10\/70D004_1649-1024x576.jpg\" alt=\"\" class=\"wp-image-13816\" srcset=\"https:\/\/www.voyages-cc.fr\/WP\/wp-content\/uploads\/2024\/10\/70D004_1649-1024x576.jpg 1024w, https:\/\/www.voyages-cc.fr\/WP\/wp-content\/uploads\/2024\/10\/70D004_1649-300x169.jpg 300w, https:\/\/www.voyages-cc.fr\/WP\/wp-content\/uploads\/2024\/10\/70D004_1649-768x432.jpg 768w, https:\/\/www.voyages-cc.fr\/WP\/wp-content\/uploads\/2024\/10\/70D004_1649-1536x864.jpg 1536w, https:\/\/www.voyages-cc.fr\/WP\/wp-content\/uploads\/2024\/10\/70D004_1649-2048x1152.jpg 2048w\" sizes=\"auto, (max-width: 1024px) 100vw, 1024px\" \/><figcaption class=\"wp-element-caption\">Montagne blanche<\/figcaption><\/figure>\n\n\n\n<p class=\"wp-block-paragraph\"> Enfin, nous descendons, et c\u2019est pas peu dire, en pente tr\u00e8s raide (10% pendant 20 kms) vers le salar d\u2019Atacama et faisons \u00e9tape \u00e0 San Pedro de Atacama. Il fait 30\u00b0C \u00e0 l\u2019ombre !!&nbsp;<\/p>\n\n\n\n<p class=\"wp-block-paragraph\">Comme toujours au changement de pays, il nous faut trouver de l\u2019argent et recharger la carte de t\u00e9l\u00e9phone.<br>Nous d\u00e9ambulons dans la ville pour trouver du wifi afin de pouvoir g\u00e9rer le compte Movistar.&nbsp;&nbsp;Nous serons agr\u00e9ablement aid\u00e9s par une employ\u00e9e d\u2019agence touristique.&nbsp;<\/p>\n\n\n\n<p class=\"wp-block-paragraph\">Sur le spot du soir, nous retrouvons les coll\u00e8gues rencontr\u00e9s lors du passage de fronti\u00e8re.&nbsp;<\/p>\n","protected":false},"excerpt":{"rendered":"<p>Au petit matin &#8211; alors que la temp\u00e9rature ext\u00e9rieure est de 4\u00b0C, contrastant avec les 27\u00b0C d\u2019hier apr\u00e8s midi &#8211; nous passons \u00e0 la station service pour faire le plein que nous payons avec nos derniers pesos argentins, compl\u00e9t\u00e9s par des dollars US, avant de rejoindre la fronti\u00e8re au Paso de Jama.&nbsp; L\u00e0, les formalit\u00e9s [&hellip;]<\/p>\n","protected":false},"author":1,"featured_media":0,"comment_status":"open","ping_status":"closed","sticky":false,"template":"","format":"standard","meta":{"_crdt_document":"","footnotes":""},"categories":[40,43,49],"tags":[],"class_list":["post-13793","post","type-post","status-publish","format-standard","hentry","category-ameriques","category-argentine","category-chili"],"_links":{"self":[{"href":"https:\/\/www.voyages-cc.fr\/index.php?rest_route=\/wp\/v2\/posts\/13793","targetHints":{"allow":["GET"]}}],"collection":[{"href":"https:\/\/www.voyages-cc.fr\/index.php?rest_route=\/wp\/v2\/posts"}],"about":[{"href":"https:\/\/www.voyages-cc.fr\/index.php?rest_route=\/wp\/v2\/types\/post"}],"author":[{"embeddable":true,"href":"https:\/\/www.voyages-cc.fr\/index.php?rest_route=\/wp\/v2\/users\/1"}],"replies":[{"embeddable":true,"href":"https:\/\/www.voyages-cc.fr\/index.php?rest_route=%2Fwp%2Fv2%2Fcomments&post=13793"}],"version-history":[{"count":4,"href":"https:\/\/www.voyages-cc.fr\/index.php?rest_route=\/wp\/v2\/posts\/13793\/revisions"}],"predecessor-version":[{"id":20329,"href":"https:\/\/www.voyages-cc.fr\/index.php?rest_route=\/wp\/v2\/posts\/13793\/revisions\/20329"}],"wp:attachment":[{"href":"https:\/\/www.voyages-cc.fr\/index.php?rest_route=%2Fwp%2Fv2%2Fmedia&parent=13793"}],"wp:term":[{"taxonomy":"category","embeddable":true,"href":"https:\/\/www.voyages-cc.fr\/index.php?rest_route=%2Fwp%2Fv2%2Fcategories&post=13793"},{"taxonomy":"post_tag","embeddable":true,"href":"https:\/\/www.voyages-cc.fr\/index.php?rest_route=%2Fwp%2Fv2%2Ftags&post=13793"}],"curies":[{"name":"wp","href":"https:\/\/api.w.org\/{rel}","templated":true}]}}