{"id":13818,"date":"2024-10-16T02:24:27","date_gmt":"2024-10-16T00:24:27","guid":{"rendered":"http:\/\/wordpress:8080\/?p=13818"},"modified":"2024-10-19T09:26:42","modified_gmt":"2024-10-19T07:26:42","slug":"m-16-10-24-san-pedro-de-atacama-tocopilla","status":"publish","type":"post","link":"https:\/\/www.voyages-cc.fr\/?p=13818","title":{"rendered":"M&rsquo; 16\/10\/24 : San Pedro de Atacama &#8211; Tocopilla"},"content":{"rendered":"\n<p class=\"wp-block-paragraph\">Avant de partir, nous ne r\u00e9sistons pas \u00e0 la tentation d&rsquo;aller acheter du pain fran\u00e7ais, sur les conseils d&rsquo;un voisin allemand.<\/p>\n\n\n\n<figure class=\"wp-block-image size-large\"><img loading=\"lazy\" decoding=\"async\" width=\"1024\" height=\"768\" src=\"https:\/\/www.voyages-cc.fr\/WP\/wp-content\/uploads\/2024\/10\/IMG_0479-1024x768.jpg\" alt=\"\" class=\"wp-image-13834\" srcset=\"https:\/\/www.voyages-cc.fr\/WP\/wp-content\/uploads\/2024\/10\/IMG_0479-1024x768.jpg 1024w, https:\/\/www.voyages-cc.fr\/WP\/wp-content\/uploads\/2024\/10\/IMG_0479-300x225.jpg 300w, https:\/\/www.voyages-cc.fr\/WP\/wp-content\/uploads\/2024\/10\/IMG_0479-768x576.jpg 768w, https:\/\/www.voyages-cc.fr\/WP\/wp-content\/uploads\/2024\/10\/IMG_0479-1536x1152.jpg 1536w, https:\/\/www.voyages-cc.fr\/WP\/wp-content\/uploads\/2024\/10\/IMG_0479-2048x1536.jpg 2048w\" sizes=\"auto, (max-width: 1024px) 100vw, 1024px\" \/><figcaption class=\"wp-element-caption\">French touch<\/figcaption><\/figure>\n\n\n\n<p class=\"wp-block-paragraph\">A la pause d\u00e9jeuner, nous d\u00e9couvrons un bouquet de fleurs au milieu du d\u00e9sert !!!<\/p>\n\n\n\n<figure class=\"wp-block-image size-large\"><img loading=\"lazy\" decoding=\"async\" width=\"1024\" height=\"576\" src=\"https:\/\/www.voyages-cc.fr\/WP\/wp-content\/uploads\/2024\/10\/IMG_0475-1024x576.jpg\" alt=\"\" class=\"wp-image-13833\" srcset=\"https:\/\/www.voyages-cc.fr\/WP\/wp-content\/uploads\/2024\/10\/IMG_0475-1024x576.jpg 1024w, https:\/\/www.voyages-cc.fr\/WP\/wp-content\/uploads\/2024\/10\/IMG_0475-300x169.jpg 300w, https:\/\/www.voyages-cc.fr\/WP\/wp-content\/uploads\/2024\/10\/IMG_0475-768x432.jpg 768w, https:\/\/www.voyages-cc.fr\/WP\/wp-content\/uploads\/2024\/10\/IMG_0475-1536x864.jpg 1536w, https:\/\/www.voyages-cc.fr\/WP\/wp-content\/uploads\/2024\/10\/IMG_0475-2048x1152.jpg 2048w\" sizes=\"auto, (max-width: 1024px) 100vw, 1024px\" \/><figcaption class=\"wp-element-caption\">Incroyable<\/figcaption><\/figure>\n\n\n\n<p class=\"wp-block-paragraph\">Apr\u00e8s 290 km, nous arrivons sur la c\u00f4te Pacifique.<\/p>\n\n\n\n<figure class=\"wp-block-image size-large\"><img loading=\"lazy\" decoding=\"async\" width=\"1024\" height=\"576\" src=\"https:\/\/www.voyages-cc.fr\/WP\/wp-content\/uploads\/2024\/10\/IMG_0482-1024x576.jpg\" alt=\"\" class=\"wp-image-13832\" srcset=\"https:\/\/www.voyages-cc.fr\/WP\/wp-content\/uploads\/2024\/10\/IMG_0482-1024x576.jpg 1024w, https:\/\/www.voyages-cc.fr\/WP\/wp-content\/uploads\/2024\/10\/IMG_0482-300x169.jpg 300w, https:\/\/www.voyages-cc.fr\/WP\/wp-content\/uploads\/2024\/10\/IMG_0482-768x432.jpg 768w, https:\/\/www.voyages-cc.fr\/WP\/wp-content\/uploads\/2024\/10\/IMG_0482-1536x864.jpg 1536w, https:\/\/www.voyages-cc.fr\/WP\/wp-content\/uploads\/2024\/10\/IMG_0482-2048x1152.jpg 2048w\" sizes=\"auto, (max-width: 1024px) 100vw, 1024px\" \/><figcaption class=\"wp-element-caption\">Le Pacifique<\/figcaption><\/figure>\n","protected":false},"excerpt":{"rendered":"<p>Avant de partir, nous ne r\u00e9sistons pas \u00e0 la tentation d&rsquo;aller acheter du pain fran\u00e7ais, sur les conseils d&rsquo;un voisin allemand. A la pause d\u00e9jeuner, nous d\u00e9couvrons un bouquet de fleurs au milieu du d\u00e9sert !!! Apr\u00e8s 290 km, nous arrivons sur la c\u00f4te Pacifique.<\/p>\n","protected":false},"author":1,"featured_media":0,"comment_status":"open","ping_status":"closed","sticky":false,"template":"","format":"standard","meta":{"_crdt_document":"","footnotes":""},"categories":[40,49],"tags":[],"class_list":["post-13818","post","type-post","status-publish","format-standard","hentry","category-ameriques","category-chili"],"_links":{"self":[{"href":"https:\/\/www.voyages-cc.fr\/index.php?rest_route=\/wp\/v2\/posts\/13818","targetHints":{"allow":["GET"]}}],"collection":[{"href":"https:\/\/www.voyages-cc.fr\/index.php?rest_route=\/wp\/v2\/posts"}],"about":[{"href":"https:\/\/www.voyages-cc.fr\/index.php?rest_route=\/wp\/v2\/types\/post"}],"author":[{"embeddable":true,"href":"https:\/\/www.voyages-cc.fr\/index.php?rest_route=\/wp\/v2\/users\/1"}],"replies":[{"embeddable":true,"href":"https:\/\/www.voyages-cc.fr\/index.php?rest_route=%2Fwp%2Fv2%2Fcomments&post=13818"}],"version-history":[{"count":1,"href":"https:\/\/www.voyages-cc.fr\/index.php?rest_route=\/wp\/v2\/posts\/13818\/revisions"}],"predecessor-version":[{"id":13836,"href":"https:\/\/www.voyages-cc.fr\/index.php?rest_route=\/wp\/v2\/posts\/13818\/revisions\/13836"}],"wp:attachment":[{"href":"https:\/\/www.voyages-cc.fr\/index.php?rest_route=%2Fwp%2Fv2%2Fmedia&parent=13818"}],"wp:term":[{"taxonomy":"category","embeddable":true,"href":"https:\/\/www.voyages-cc.fr\/index.php?rest_route=%2Fwp%2Fv2%2Fcategories&post=13818"},{"taxonomy":"post_tag","embeddable":true,"href":"https:\/\/www.voyages-cc.fr\/index.php?rest_route=%2Fwp%2Fv2%2Ftags&post=13818"}],"curies":[{"name":"wp","href":"https:\/\/api.w.org\/{rel}","templated":true}]}}