{"id":13820,"date":"2024-10-17T02:25:48","date_gmt":"2024-10-17T00:25:48","guid":{"rendered":"http:\/\/wordpress:8080\/?p=13820"},"modified":"2024-10-21T05:46:42","modified_gmt":"2024-10-21T03:46:42","slug":"j-17-v-18-10-24-tocopilla-humberstone-arica","status":"publish","type":"post","link":"https:\/\/www.voyages-cc.fr\/?p=13820","title":{"rendered":"J 17 &#038; V 18\/10\/24 : Tocopilla &#8211; Humberstone &#8211; Arica"},"content":{"rendered":"\n<p class=\"wp-block-paragraph\">Nous reprenons la route en direction d&rsquo;Iquique.<\/p>\n\n\n\n<p class=\"wp-block-paragraph\">Nous d\u00e9jeunons en bordure de l&rsquo;oc\u00e9an, profitant du soleil et d&rsquo;une temp\u00e9rature agr\u00e9able, 22\u00b0C.<\/p>\n\n\n\n<figure class=\"wp-block-image size-large\"><img loading=\"lazy\" decoding=\"async\" width=\"1024\" height=\"576\" src=\"https:\/\/www.voyages-cc.fr\/WP\/wp-content\/uploads\/2024\/10\/IMG_0484-1024x576.jpg\" alt=\"\" class=\"wp-image-13837\" srcset=\"https:\/\/www.voyages-cc.fr\/WP\/wp-content\/uploads\/2024\/10\/IMG_0484-1024x576.jpg 1024w, https:\/\/www.voyages-cc.fr\/WP\/wp-content\/uploads\/2024\/10\/IMG_0484-300x169.jpg 300w, https:\/\/www.voyages-cc.fr\/WP\/wp-content\/uploads\/2024\/10\/IMG_0484-768x432.jpg 768w, https:\/\/www.voyages-cc.fr\/WP\/wp-content\/uploads\/2024\/10\/IMG_0484-1536x864.jpg 1536w, https:\/\/www.voyages-cc.fr\/WP\/wp-content\/uploads\/2024\/10\/IMG_0484-2048x1152.jpg 2048w\" sizes=\"auto, (max-width: 1024px) 100vw, 1024px\" \/><figcaption class=\"wp-element-caption\">Le Pacifique<\/figcaption><\/figure>\n\n\n\n<p class=\"wp-block-paragraph\">Apr\u00e8s le repas et la sieste, nous allons passer l\u2019apr\u00e8s-midi avec nos amis Monica et Patricio, camping caristes, chez qui nous avions \u00e9t\u00e9 invit\u00e9s en d\u00e9but d\u2019ann\u00e9e. Excellent moment de retrouvailles et de conversation espagnole.<\/p>\n\n\n\n<figure class=\"wp-block-image size-large\"><img loading=\"lazy\" decoding=\"async\" width=\"1024\" height=\"576\" src=\"https:\/\/www.voyages-cc.fr\/WP\/wp-content\/uploads\/2024\/03\/IMG_7806-1024x576.jpg\" alt=\"\" class=\"wp-image-12515\" srcset=\"https:\/\/www.voyages-cc.fr\/WP\/wp-content\/uploads\/2024\/03\/IMG_7806-1024x576.jpg 1024w, https:\/\/www.voyages-cc.fr\/WP\/wp-content\/uploads\/2024\/03\/IMG_7806-300x169.jpg 300w, https:\/\/www.voyages-cc.fr\/WP\/wp-content\/uploads\/2024\/03\/IMG_7806-768x432.jpg 768w, https:\/\/www.voyages-cc.fr\/WP\/wp-content\/uploads\/2024\/03\/IMG_7806-1536x864.jpg 1536w, https:\/\/www.voyages-cc.fr\/WP\/wp-content\/uploads\/2024\/03\/IMG_7806-2048x1153.jpg 2048w\" sizes=\"auto, (max-width: 1024px) 100vw, 1024px\" \/><figcaption class=\"wp-element-caption\">Iquique<\/figcaption><\/figure>\n\n\n\n<p class=\"wp-block-paragraph\">Voulant \u00e9viter les rumeurs nocturnes de la ville, nous retournons nous poser sur le parking du mus\u00e9e Humberstone. Souvenirs\ud83d\ude0a<\/p>\n\n\n\n<figure class=\"wp-block-image size-large\"><img loading=\"lazy\" decoding=\"async\" width=\"1024\" height=\"576\" src=\"https:\/\/www.voyages-cc.fr\/WP\/wp-content\/uploads\/2024\/10\/IMG_0507-1024x576.jpg\" alt=\"\" class=\"wp-image-13838\" srcset=\"https:\/\/www.voyages-cc.fr\/WP\/wp-content\/uploads\/2024\/10\/IMG_0507-1024x576.jpg 1024w, https:\/\/www.voyages-cc.fr\/WP\/wp-content\/uploads\/2024\/10\/IMG_0507-300x169.jpg 300w, https:\/\/www.voyages-cc.fr\/WP\/wp-content\/uploads\/2024\/10\/IMG_0507-768x432.jpg 768w, https:\/\/www.voyages-cc.fr\/WP\/wp-content\/uploads\/2024\/10\/IMG_0507.jpg 1439w\" sizes=\"auto, (max-width: 1024px) 100vw, 1024px\" \/><figcaption class=\"wp-element-caption\">Humberstone<\/figcaption><\/figure>\n\n\n\n<figure class=\"wp-block-image size-large\"><img loading=\"lazy\" decoding=\"async\" width=\"1024\" height=\"576\" src=\"https:\/\/www.voyages-cc.fr\/WP\/wp-content\/uploads\/2024\/10\/70D004_1651-1024x576.jpg\" alt=\"\" class=\"wp-image-13839\" srcset=\"https:\/\/www.voyages-cc.fr\/WP\/wp-content\/uploads\/2024\/10\/70D004_1651-1024x576.jpg 1024w, https:\/\/www.voyages-cc.fr\/WP\/wp-content\/uploads\/2024\/10\/70D004_1651-300x169.jpg 300w, https:\/\/www.voyages-cc.fr\/WP\/wp-content\/uploads\/2024\/10\/70D004_1651-768x432.jpg 768w, https:\/\/www.voyages-cc.fr\/WP\/wp-content\/uploads\/2024\/10\/70D004_1651-1536x864.jpg 1536w, https:\/\/www.voyages-cc.fr\/WP\/wp-content\/uploads\/2024\/10\/70D004_1651-2048x1152.jpg 2048w\" sizes=\"auto, (max-width: 1024px) 100vw, 1024px\" \/><figcaption class=\"wp-element-caption\">Coucher de soleil<\/figcaption><\/figure>\n\n\n\n<p class=\"wp-block-paragraph\">Le lendemain, nous faisons route au milieu du d\u00e9sert &#8211; encore &#8211; jusque Arica.<\/p>\n\n\n\n<p class=\"wp-block-paragraph\">Bruno esp\u00e8re y faire le plein de gaz comme lors de notre dernier passage chez Lipigaz. Eh non ! cette fois le r\u00e8glement a chang\u00e9 : plus de remplissage possible. Deuxi\u00e8me essai chez Uligas, infructueux. Le Chili est entrain de devenir comme la France avec des interdictions protectionnistes.<\/p>\n\n\n\n<p class=\"wp-block-paragraph\">Nous passons la nuit pr\u00e8s du cimeti\u00e8re, sous la bonne garde d\u2019un gardien b\u00e9n\u00e9vole qui nous r\u00e9veillera \u00e0 7h le lendemain car il doit partir. En attendant que nous soyons pr\u00eats \u00e0 le payer, il nettoie Trottinette.<\/p>\n","protected":false},"excerpt":{"rendered":"<p>Nous reprenons la route en direction d&rsquo;Iquique. Nous d\u00e9jeunons en bordure de l&rsquo;oc\u00e9an, profitant du soleil et d&rsquo;une temp\u00e9rature agr\u00e9able, 22\u00b0C. Apr\u00e8s le repas et la sieste, nous allons passer l\u2019apr\u00e8s-midi avec nos amis Monica et Patricio, camping caristes, chez qui nous avions \u00e9t\u00e9 invit\u00e9s en d\u00e9but d\u2019ann\u00e9e. Excellent moment de retrouvailles et de conversation [&hellip;]<\/p>\n","protected":false},"author":1,"featured_media":0,"comment_status":"open","ping_status":"closed","sticky":false,"template":"","format":"standard","meta":{"_crdt_document":"","footnotes":""},"categories":[40,49],"tags":[],"class_list":["post-13820","post","type-post","status-publish","format-standard","hentry","category-ameriques","category-chili"],"_links":{"self":[{"href":"https:\/\/www.voyages-cc.fr\/index.php?rest_route=\/wp\/v2\/posts\/13820","targetHints":{"allow":["GET"]}}],"collection":[{"href":"https:\/\/www.voyages-cc.fr\/index.php?rest_route=\/wp\/v2\/posts"}],"about":[{"href":"https:\/\/www.voyages-cc.fr\/index.php?rest_route=\/wp\/v2\/types\/post"}],"author":[{"embeddable":true,"href":"https:\/\/www.voyages-cc.fr\/index.php?rest_route=\/wp\/v2\/users\/1"}],"replies":[{"embeddable":true,"href":"https:\/\/www.voyages-cc.fr\/index.php?rest_route=%2Fwp%2Fv2%2Fcomments&post=13820"}],"version-history":[{"count":1,"href":"https:\/\/www.voyages-cc.fr\/index.php?rest_route=\/wp\/v2\/posts\/13820\/revisions"}],"predecessor-version":[{"id":13854,"href":"https:\/\/www.voyages-cc.fr\/index.php?rest_route=\/wp\/v2\/posts\/13820\/revisions\/13854"}],"wp:attachment":[{"href":"https:\/\/www.voyages-cc.fr\/index.php?rest_route=%2Fwp%2Fv2%2Fmedia&parent=13820"}],"wp:term":[{"taxonomy":"category","embeddable":true,"href":"https:\/\/www.voyages-cc.fr\/index.php?rest_route=%2Fwp%2Fv2%2Fcategories&post=13820"},{"taxonomy":"post_tag","embeddable":true,"href":"https:\/\/www.voyages-cc.fr\/index.php?rest_route=%2Fwp%2Fv2%2Ftags&post=13820"}],"curies":[{"name":"wp","href":"https:\/\/api.w.org\/{rel}","templated":true}]}}