{"id":13858,"date":"2024-10-20T01:41:59","date_gmt":"2024-10-19T23:41:59","guid":{"rendered":"http:\/\/wordpress:8080\/?p=13842"},"modified":"2024-10-22T02:12:56","modified_gmt":"2024-10-22T00:12:56","slug":"d-20-10-24-tacna-moquegua","status":"publish","type":"post","link":"https:\/\/www.voyages-cc.fr\/?p=13858","title":{"rendered":"D 20\/10\/24 : Tacna &#8211; Moquegua"},"content":{"rendered":"\n<p class=\"wp-block-paragraph\">Route dans un paysage d\u00e9sertique, d\u2019abord plat puis montagneux, avec des oasis de verdure dans les vall\u00e9es, nous faisant penser \u00e0 certains endroits du Maroc, comme la vall\u00e9e du Dades.<\/p>\n\n\n\n<figure class=\"wp-block-image size-large\"><img loading=\"lazy\" decoding=\"async\" width=\"1024\" height=\"576\" src=\"https:\/\/www.voyages-cc.fr\/WP\/wp-content\/uploads\/2024\/10\/IMG_0525-1024x576.jpg\" alt=\"\" class=\"wp-image-13850\" srcset=\"https:\/\/www.voyages-cc.fr\/WP\/wp-content\/uploads\/2024\/10\/IMG_0525-1024x576.jpg 1024w, https:\/\/www.voyages-cc.fr\/WP\/wp-content\/uploads\/2024\/10\/IMG_0525-300x169.jpg 300w, https:\/\/www.voyages-cc.fr\/WP\/wp-content\/uploads\/2024\/10\/IMG_0525-768x432.jpg 768w, https:\/\/www.voyages-cc.fr\/WP\/wp-content\/uploads\/2024\/10\/IMG_0525-1536x864.jpg 1536w, https:\/\/www.voyages-cc.fr\/WP\/wp-content\/uploads\/2024\/10\/IMG_0525-2048x1151.jpg 2048w\" sizes=\"auto, (max-width: 1024px) 100vw, 1024px\" \/><figcaption class=\"wp-element-caption\">Transport de dames dans la benne du pick-up<\/figcaption><\/figure>\n\n\n\n<figure class=\"wp-block-image size-large\"><img loading=\"lazy\" decoding=\"async\" width=\"1024\" height=\"576\" src=\"https:\/\/www.voyages-cc.fr\/WP\/wp-content\/uploads\/2024\/10\/IMG_0527-1024x576.jpg\" alt=\"\" class=\"wp-image-13851\" srcset=\"https:\/\/www.voyages-cc.fr\/WP\/wp-content\/uploads\/2024\/10\/IMG_0527-1024x576.jpg 1024w, https:\/\/www.voyages-cc.fr\/WP\/wp-content\/uploads\/2024\/10\/IMG_0527-300x169.jpg 300w, https:\/\/www.voyages-cc.fr\/WP\/wp-content\/uploads\/2024\/10\/IMG_0527-768x432.jpg 768w, https:\/\/www.voyages-cc.fr\/WP\/wp-content\/uploads\/2024\/10\/IMG_0527-1536x864.jpg 1536w, https:\/\/www.voyages-cc.fr\/WP\/wp-content\/uploads\/2024\/10\/IMG_0527-2048x1152.jpg 2048w\" sizes=\"auto, (max-width: 1024px) 100vw, 1024px\" \/><figcaption class=\"wp-element-caption\">Arriv\u00e9e sur un oasis<\/figcaption><\/figure>\n\n\n\n<p class=\"wp-block-paragraph\">Dans l\u2019apr\u00e8s-midi, nous arrivons \u00e0 Moquegua, c\u00e9l\u00e8bre pour sa production de cuivre affin\u00e9.<\/p>\n\n\n\n<p class=\"wp-block-paragraph\">Nous allons nous balader vers la plaza de Armas o\u00f9 se d\u00e9roule une exposition des libraires, et visitons la cath\u00e9drale avant de revenir par le supermarch\u00e9 proche de notre bivouac. <\/p>\n\n\n\n<figure class=\"wp-block-image size-large\"><img loading=\"lazy\" decoding=\"async\" width=\"1024\" height=\"576\" src=\"https:\/\/www.voyages-cc.fr\/WP\/wp-content\/uploads\/2024\/10\/DSCF6329-1024x576.jpg\" alt=\"\" class=\"wp-image-13846\" srcset=\"https:\/\/www.voyages-cc.fr\/WP\/wp-content\/uploads\/2024\/10\/DSCF6329-1024x576.jpg 1024w, https:\/\/www.voyages-cc.fr\/WP\/wp-content\/uploads\/2024\/10\/DSCF6329-300x169.jpg 300w, https:\/\/www.voyages-cc.fr\/WP\/wp-content\/uploads\/2024\/10\/DSCF6329-768x432.jpg 768w, https:\/\/www.voyages-cc.fr\/WP\/wp-content\/uploads\/2024\/10\/DSCF6329-1536x864.jpg 1536w, https:\/\/www.voyages-cc.fr\/WP\/wp-content\/uploads\/2024\/10\/DSCF6329-2048x1152.jpg 2048w\" sizes=\"auto, (max-width: 1024px) 100vw, 1024px\" \/><figcaption class=\"wp-element-caption\">Catedral de Moquegua et Plaza de Armas<\/figcaption><\/figure>\n\n\n\n<figure class=\"wp-block-image size-large\"><img loading=\"lazy\" decoding=\"async\" width=\"1024\" height=\"576\" src=\"https:\/\/www.voyages-cc.fr\/WP\/wp-content\/uploads\/2024\/10\/DSCF6331-1024x576.jpg\" alt=\"\" class=\"wp-image-13847\" srcset=\"https:\/\/www.voyages-cc.fr\/WP\/wp-content\/uploads\/2024\/10\/DSCF6331-1024x576.jpg 1024w, https:\/\/www.voyages-cc.fr\/WP\/wp-content\/uploads\/2024\/10\/DSCF6331-300x169.jpg 300w, https:\/\/www.voyages-cc.fr\/WP\/wp-content\/uploads\/2024\/10\/DSCF6331-768x432.jpg 768w, https:\/\/www.voyages-cc.fr\/WP\/wp-content\/uploads\/2024\/10\/DSCF6331-1536x864.jpg 1536w, https:\/\/www.voyages-cc.fr\/WP\/wp-content\/uploads\/2024\/10\/DSCF6331-2048x1152.jpg 2048w\" sizes=\"auto, (max-width: 1024px) 100vw, 1024px\" \/><figcaption class=\"wp-element-caption\">Catedral de Moquegua<\/figcaption><\/figure>\n\n\n\n<figure class=\"wp-block-image size-large\"><img loading=\"lazy\" decoding=\"async\" width=\"1024\" height=\"576\" src=\"https:\/\/www.voyages-cc.fr\/WP\/wp-content\/uploads\/2024\/10\/DSCF6333-1024x576.jpg\" alt=\"\" class=\"wp-image-13848\" srcset=\"https:\/\/www.voyages-cc.fr\/WP\/wp-content\/uploads\/2024\/10\/DSCF6333-1024x576.jpg 1024w, https:\/\/www.voyages-cc.fr\/WP\/wp-content\/uploads\/2024\/10\/DSCF6333-300x169.jpg 300w, https:\/\/www.voyages-cc.fr\/WP\/wp-content\/uploads\/2024\/10\/DSCF6333-768x432.jpg 768w, https:\/\/www.voyages-cc.fr\/WP\/wp-content\/uploads\/2024\/10\/DSCF6333-1536x864.jpg 1536w, https:\/\/www.voyages-cc.fr\/WP\/wp-content\/uploads\/2024\/10\/DSCF6333-2048x1152.jpg 2048w\" sizes=\"auto, (max-width: 1024px) 100vw, 1024px\" \/><figcaption class=\"wp-element-caption\">Maisons sur la Plaza de Armas<\/figcaption><\/figure>\n\n\n\n<figure class=\"wp-block-image size-large\"><img loading=\"lazy\" decoding=\"async\" width=\"1024\" height=\"576\" src=\"https:\/\/www.voyages-cc.fr\/WP\/wp-content\/uploads\/2024\/10\/DSCF6334-1024x576.jpg\" alt=\"\" class=\"wp-image-13849\" srcset=\"https:\/\/www.voyages-cc.fr\/WP\/wp-content\/uploads\/2024\/10\/DSCF6334-1024x576.jpg 1024w, https:\/\/www.voyages-cc.fr\/WP\/wp-content\/uploads\/2024\/10\/DSCF6334-300x169.jpg 300w, https:\/\/www.voyages-cc.fr\/WP\/wp-content\/uploads\/2024\/10\/DSCF6334-768x432.jpg 768w, https:\/\/www.voyages-cc.fr\/WP\/wp-content\/uploads\/2024\/10\/DSCF6334-1536x864.jpg 1536w, https:\/\/www.voyages-cc.fr\/WP\/wp-content\/uploads\/2024\/10\/DSCF6334-2048x1152.jpg 2048w\" sizes=\"auto, (max-width: 1024px) 100vw, 1024px\" \/><figcaption class=\"wp-element-caption\">Vue de Moquegua<\/figcaption><\/figure>\n\n\n\n<figure class=\"wp-block-image size-large\"><img loading=\"lazy\" decoding=\"async\" width=\"1024\" height=\"576\" src=\"https:\/\/www.voyages-cc.fr\/WP\/wp-content\/uploads\/2024\/10\/20241021_082714-1024x576.jpg\" alt=\"\" class=\"wp-image-13860\" srcset=\"https:\/\/www.voyages-cc.fr\/WP\/wp-content\/uploads\/2024\/10\/20241021_082714-1024x576.jpg 1024w, https:\/\/www.voyages-cc.fr\/WP\/wp-content\/uploads\/2024\/10\/20241021_082714-300x169.jpg 300w, https:\/\/www.voyages-cc.fr\/WP\/wp-content\/uploads\/2024\/10\/20241021_082714-768x432.jpg 768w, https:\/\/www.voyages-cc.fr\/WP\/wp-content\/uploads\/2024\/10\/20241021_082714-1536x864.jpg 1536w, https:\/\/www.voyages-cc.fr\/WP\/wp-content\/uploads\/2024\/10\/20241021_082714-2048x1152.jpg 2048w\" sizes=\"auto, (max-width: 1024px) 100vw, 1024px\" \/><figcaption class=\"wp-element-caption\">Maison du gouvernement provincial<\/figcaption><\/figure>\n","protected":false},"excerpt":{"rendered":"<p>Route dans un paysage d\u00e9sertique, d\u2019abord plat puis montagneux, avec des oasis de verdure dans les vall\u00e9es, nous faisant penser \u00e0 certains endroits du Maroc, comme la vall\u00e9e du Dades. Dans l\u2019apr\u00e8s-midi, nous arrivons \u00e0 Moquegua, c\u00e9l\u00e8bre pour sa production de cuivre affin\u00e9. Nous allons nous balader vers la plaza de Armas o\u00f9 se d\u00e9roule [&hellip;]<\/p>\n","protected":false},"author":1,"featured_media":0,"comment_status":"open","ping_status":"closed","sticky":false,"template":"","format":"standard","meta":{"_crdt_document":"","footnotes":""},"categories":[40,52],"tags":[],"class_list":["post-13858","post","type-post","status-publish","format-standard","hentry","category-ameriques","category-perou"],"_links":{"self":[{"href":"https:\/\/www.voyages-cc.fr\/index.php?rest_route=\/wp\/v2\/posts\/13858","targetHints":{"allow":["GET"]}}],"collection":[{"href":"https:\/\/www.voyages-cc.fr\/index.php?rest_route=\/wp\/v2\/posts"}],"about":[{"href":"https:\/\/www.voyages-cc.fr\/index.php?rest_route=\/wp\/v2\/types\/post"}],"author":[{"embeddable":true,"href":"https:\/\/www.voyages-cc.fr\/index.php?rest_route=\/wp\/v2\/users\/1"}],"replies":[{"embeddable":true,"href":"https:\/\/www.voyages-cc.fr\/index.php?rest_route=%2Fwp%2Fv2%2Fcomments&post=13858"}],"version-history":[{"count":2,"href":"https:\/\/www.voyages-cc.fr\/index.php?rest_route=\/wp\/v2\/posts\/13858\/revisions"}],"predecessor-version":[{"id":13864,"href":"https:\/\/www.voyages-cc.fr\/index.php?rest_route=\/wp\/v2\/posts\/13858\/revisions\/13864"}],"wp:attachment":[{"href":"https:\/\/www.voyages-cc.fr\/index.php?rest_route=%2Fwp%2Fv2%2Fmedia&parent=13858"}],"wp:term":[{"taxonomy":"category","embeddable":true,"href":"https:\/\/www.voyages-cc.fr\/index.php?rest_route=%2Fwp%2Fv2%2Fcategories&post=13858"},{"taxonomy":"post_tag","embeddable":true,"href":"https:\/\/www.voyages-cc.fr\/index.php?rest_route=%2Fwp%2Fv2%2Ftags&post=13858"}],"curies":[{"name":"wp","href":"https:\/\/api.w.org\/{rel}","templated":true}]}}