{"id":16876,"date":"2025-03-15T00:10:59","date_gmt":"2025-03-14T23:10:59","guid":{"rendered":"http:\/\/wordpress:8080\/?p=16876"},"modified":"2025-03-16T14:29:38","modified_gmt":"2025-03-16T13:29:38","slug":"s-15-03-25-medellin-parque-arvi","status":"publish","type":"post","link":"https:\/\/www.voyages-cc.fr\/?p=16876","title":{"rendered":"S 15\/03\/25 : Medell\u00edn &#8211; Parque Arvi"},"content":{"rendered":"\n<p class=\"wp-block-paragraph\">La Casa de la Memoria (Maison de la M\u00e9moire). Cette visite va nous occuper toute la matin\u00e9e.<\/p>\n\n\n\n<p class=\"wp-block-paragraph\">Le Mus\u00e9e de la Maison de la M\u00e9moire a \u00e9t\u00e9 cr\u00e9\u00e9 en 2006 dans le cadre d&rsquo;un programme d&rsquo;aide aux victimes de la violence \u00e0 Medell\u00edn, men\u00e9 par le gouvernement pour comprendre et surmonter le conflit arm\u00e9 et les diff\u00e9rentes formes de violence \u00e0 Medell\u00edn, dans le d\u00e9partement d&rsquo;Antioquia et dans le reste du pays.<br>Ce mus\u00e9e abrite les souvenirs du conflit arm\u00e9 que traverse le pays, et vise \u00e0 contribuer \u00e0 la transformation culturelle souhait\u00e9e par la Colombie, en changeant de point de vue : mettre en avant les victimes.<br>Le mus\u00e9e regorge de souvenirs et de t\u00e9moignages vivants, et sa devise est \u00ab&nbsp;Nous sommes des souvenirs vivants, \u00e0 voir, mais pas \u00e0 r\u00e9p\u00e9ter&nbsp;\u00bb. Cet espace est un lieu pour comprendre ce qui s&rsquo;est pass\u00e9 et se passe dans la soci\u00e9t\u00e9, retrouver l&rsquo;espoir et r\u00e9fl\u00e9chir \u00e0 l&rsquo;avenir.<\/p>\n\n\n\n<figure class=\"wp-block-image size-large\"><img loading=\"lazy\" decoding=\"async\" width=\"1024\" height=\"576\" src=\"https:\/\/www.voyages-cc.fr\/WP\/wp-content\/uploads\/2025\/03\/DSCF7256-1024x576.jpg\" alt=\"\" class=\"wp-image-16804\" srcset=\"https:\/\/www.voyages-cc.fr\/WP\/wp-content\/uploads\/2025\/03\/DSCF7256-1024x576.jpg 1024w, https:\/\/www.voyages-cc.fr\/WP\/wp-content\/uploads\/2025\/03\/DSCF7256-300x169.jpg 300w, https:\/\/www.voyages-cc.fr\/WP\/wp-content\/uploads\/2025\/03\/DSCF7256-768x432.jpg 768w, https:\/\/www.voyages-cc.fr\/WP\/wp-content\/uploads\/2025\/03\/DSCF7256-1536x864.jpg 1536w, https:\/\/www.voyages-cc.fr\/WP\/wp-content\/uploads\/2025\/03\/DSCF7256-2048x1152.jpg 2048w\" sizes=\"auto, (max-width: 1024px) 100vw, 1024px\" \/><figcaption class=\"wp-element-caption\">Casa de la Memoria<\/figcaption><\/figure>\n\n\n\n<p class=\"wp-block-paragraph\">Une appli audio-guide en fran\u00e7ais est t\u00e9l\u00e9chargeable. C&rsquo;est plus facile pour nous, car tous les textes et t\u00e9moignages sont en espagnol.<\/p>\n\n\n\n<figure class=\"wp-block-image size-large\"><img loading=\"lazy\" decoding=\"async\" width=\"1024\" height=\"576\" src=\"https:\/\/www.voyages-cc.fr\/WP\/wp-content\/uploads\/2025\/03\/DSCF7257-1024x576.jpg\" alt=\"\" class=\"wp-image-16805\" srcset=\"https:\/\/www.voyages-cc.fr\/WP\/wp-content\/uploads\/2025\/03\/DSCF7257-1024x576.jpg 1024w, https:\/\/www.voyages-cc.fr\/WP\/wp-content\/uploads\/2025\/03\/DSCF7257-300x169.jpg 300w, https:\/\/www.voyages-cc.fr\/WP\/wp-content\/uploads\/2025\/03\/DSCF7257-768x432.jpg 768w, https:\/\/www.voyages-cc.fr\/WP\/wp-content\/uploads\/2025\/03\/DSCF7257-1536x864.jpg 1536w, https:\/\/www.voyages-cc.fr\/WP\/wp-content\/uploads\/2025\/03\/DSCF7257-2048x1152.jpg 2048w\" sizes=\"auto, (max-width: 1024px) 100vw, 1024px\" \/><figcaption class=\"wp-element-caption\">Salle principale de la Casa. Brigitte consulte l&rsquo;appli<\/figcaption><\/figure>\n\n\n\n<p class=\"wp-block-paragraph\">Nous terminons la visite avec une meilleure connaissance de l&rsquo;histoire de la Colombie.<\/p>\n\n\n\n<p class=\"wp-block-paragraph\">Nous reposons nos m\u00e9ninges en nous promenant dans le Parc du Bicentenaire o\u00f9 se situe le mus\u00e9e.<br>Ce palmier est courant dans les campagnes colombiennes.<\/p>\n\n\n\n<figure class=\"wp-block-image size-large\"><img loading=\"lazy\" decoding=\"async\" width=\"1024\" height=\"576\" src=\"https:\/\/www.voyages-cc.fr\/WP\/wp-content\/uploads\/2025\/03\/DSCF7258-1024x576.jpg\" alt=\"\" class=\"wp-image-16802\" srcset=\"https:\/\/www.voyages-cc.fr\/WP\/wp-content\/uploads\/2025\/03\/DSCF7258-1024x576.jpg 1024w, https:\/\/www.voyages-cc.fr\/WP\/wp-content\/uploads\/2025\/03\/DSCF7258-300x169.jpg 300w, https:\/\/www.voyages-cc.fr\/WP\/wp-content\/uploads\/2025\/03\/DSCF7258-768x432.jpg 768w, https:\/\/www.voyages-cc.fr\/WP\/wp-content\/uploads\/2025\/03\/DSCF7258-1536x864.jpg 1536w, https:\/\/www.voyages-cc.fr\/WP\/wp-content\/uploads\/2025\/03\/DSCF7258-2048x1152.jpg 2048w\" sizes=\"auto, (max-width: 1024px) 100vw, 1024px\" \/><figcaption class=\"wp-element-caption\">Palmier de Bismarck dans le parc<\/figcaption><\/figure>\n\n\n\n<p class=\"wp-block-paragraph\">Nous trouvons un autre arbre, El Arbol de la Vida (l&rsquo;arbre de la vie). Il est constitu\u00e9 de 27398 armes blanches (couteaux).<\/p>\n\n\n\n<figure class=\"wp-block-image size-large is-resized\"><img loading=\"lazy\" decoding=\"async\" width=\"765\" height=\"1024\" src=\"https:\/\/www.voyages-cc.fr\/WP\/wp-content\/uploads\/2025\/03\/DSCF7260-765x1024.jpg\" alt=\"\" class=\"wp-image-16803\" style=\"width:450px\" srcset=\"https:\/\/www.voyages-cc.fr\/WP\/wp-content\/uploads\/2025\/03\/DSCF7260-765x1024.jpg 765w, https:\/\/www.voyages-cc.fr\/WP\/wp-content\/uploads\/2025\/03\/DSCF7260-224x300.jpg 224w, https:\/\/www.voyages-cc.fr\/WP\/wp-content\/uploads\/2025\/03\/DSCF7260-768x1028.jpg 768w, https:\/\/www.voyages-cc.fr\/WP\/wp-content\/uploads\/2025\/03\/DSCF7260-1147x1536.jpg 1147w, https:\/\/www.voyages-cc.fr\/WP\/wp-content\/uploads\/2025\/03\/DSCF7260-1530x2048.jpg 1530w, https:\/\/www.voyages-cc.fr\/WP\/wp-content\/uploads\/2025\/03\/DSCF7260-scaled.jpg 1912w\" sizes=\"auto, (max-width: 765px) 100vw, 765px\" \/><figcaption class=\"wp-element-caption\">Arbre de la vie<\/figcaption><\/figure>\n\n\n\n<p class=\"wp-block-paragraph\">Dans l\u2019apr\u00e8s-midi, nous prenons la route pour monter sur les hauteurs de Medell\u00edn, au Parque Arvi.<\/p>\n","protected":false},"excerpt":{"rendered":"<p>La Casa de la Memoria (Maison de la M\u00e9moire). Cette visite va nous occuper toute la matin\u00e9e. Le Mus\u00e9e de la Maison de la M\u00e9moire a \u00e9t\u00e9 cr\u00e9\u00e9 en 2006 dans le cadre d&rsquo;un programme d&rsquo;aide aux victimes de la violence \u00e0 Medell\u00edn, men\u00e9 par le gouvernement pour comprendre et surmonter le conflit arm\u00e9 et [&hellip;]<\/p>\n","protected":false},"author":1,"featured_media":0,"comment_status":"open","ping_status":"closed","sticky":false,"template":"","format":"standard","meta":{"_crdt_document":"","footnotes":""},"categories":[40,55],"tags":[],"class_list":["post-16876","post","type-post","status-publish","format-standard","hentry","category-ameriques","category-colombie"],"_links":{"self":[{"href":"https:\/\/www.voyages-cc.fr\/index.php?rest_route=\/wp\/v2\/posts\/16876","targetHints":{"allow":["GET"]}}],"collection":[{"href":"https:\/\/www.voyages-cc.fr\/index.php?rest_route=\/wp\/v2\/posts"}],"about":[{"href":"https:\/\/www.voyages-cc.fr\/index.php?rest_route=\/wp\/v2\/types\/post"}],"author":[{"embeddable":true,"href":"https:\/\/www.voyages-cc.fr\/index.php?rest_route=\/wp\/v2\/users\/1"}],"replies":[{"embeddable":true,"href":"https:\/\/www.voyages-cc.fr\/index.php?rest_route=%2Fwp%2Fv2%2Fcomments&post=16876"}],"version-history":[{"count":1,"href":"https:\/\/www.voyages-cc.fr\/index.php?rest_route=\/wp\/v2\/posts\/16876\/revisions"}],"predecessor-version":[{"id":16878,"href":"https:\/\/www.voyages-cc.fr\/index.php?rest_route=\/wp\/v2\/posts\/16876\/revisions\/16878"}],"wp:attachment":[{"href":"https:\/\/www.voyages-cc.fr\/index.php?rest_route=%2Fwp%2Fv2%2Fmedia&parent=16876"}],"wp:term":[{"taxonomy":"category","embeddable":true,"href":"https:\/\/www.voyages-cc.fr\/index.php?rest_route=%2Fwp%2Fv2%2Fcategories&post=16876"},{"taxonomy":"post_tag","embeddable":true,"href":"https:\/\/www.voyages-cc.fr\/index.php?rest_route=%2Fwp%2Fv2%2Ftags&post=16876"}],"curies":[{"name":"wp","href":"https:\/\/api.w.org\/{rel}","templated":true}]}}