{"id":19911,"date":"2025-08-24T01:13:09","date_gmt":"2025-08-23T23:13:09","guid":{"rendered":"http:\/\/wordpress:8080\/?p=19911"},"modified":"2025-08-28T01:37:17","modified_gmt":"2025-08-27T23:37:17","slug":"d-24-08-25-aguas-vermelhas-governador-valadares","status":"publish","type":"post","link":"https:\/\/www.voyages-cc.fr\/?p=19911","title":{"rendered":"D 24\/08\/25 : \u00c1guas Vermelhas &#8211; Governador Valadares"},"content":{"rendered":"\n<p class=\"wp-block-paragraph\">Encore des kilom\u00e8tres de route avec moins de camions cette fois. C\u2019est dimanche!! Au Br\u00e9sil la tr\u00eave du dimanche est r\u00e9elle ! Aucun magasin ou atelier n\u2019est ouvert surtout l\u2019apr\u00e8s-midi. Les villes paraissent d\u00e9sertes.<br>Les paysages changent au fur et \u00e0 mesure que nous avan\u00e7ons. Nous montons en altitude et l\u2019ambiance devient plus min\u00e9rale. Adieu la profusion de vert du Nordeste.<\/p>\n\n\n\n<figure class=\"wp-block-image size-large\"><img loading=\"lazy\" decoding=\"async\" width=\"1024\" height=\"577\" src=\"https:\/\/www.voyages-cc.fr\/WP\/wp-content\/uploads\/2025\/08\/20250824_092032-1024x577.jpg\" alt=\"\" class=\"wp-image-19924\" srcset=\"https:\/\/www.voyages-cc.fr\/WP\/wp-content\/uploads\/2025\/08\/20250824_092032-1024x577.jpg 1024w, https:\/\/www.voyages-cc.fr\/WP\/wp-content\/uploads\/2025\/08\/20250824_092032-300x169.jpg 300w, https:\/\/www.voyages-cc.fr\/WP\/wp-content\/uploads\/2025\/08\/20250824_092032-768x432.jpg 768w, https:\/\/www.voyages-cc.fr\/WP\/wp-content\/uploads\/2025\/08\/20250824_092032-1536x865.jpg 1536w, https:\/\/www.voyages-cc.fr\/WP\/wp-content\/uploads\/2025\/08\/20250824_092032-2048x1153.jpg 2048w\" sizes=\"auto, (max-width: 1024px) 100vw, 1024px\" \/><\/figure>\n\n\n\n<p class=\"wp-block-paragraph\"><br>Le bivouac se fera en ville cette fois dans un parc surveill\u00e9 par cam\u00e9ras. Ouf on ne sera pas r\u00e9veill\u00e9 aux aurores par les camions qui d\u00e9marrent \ud83e\udd17<\/p>\n\n\n\n<figure class=\"wp-block-image size-large\"><img loading=\"lazy\" decoding=\"async\" width=\"1024\" height=\"577\" src=\"https:\/\/www.voyages-cc.fr\/WP\/wp-content\/uploads\/2025\/08\/20250824_171859-1024x577.jpg\" alt=\"\" class=\"wp-image-19925\" srcset=\"https:\/\/www.voyages-cc.fr\/WP\/wp-content\/uploads\/2025\/08\/20250824_171859-1024x577.jpg 1024w, https:\/\/www.voyages-cc.fr\/WP\/wp-content\/uploads\/2025\/08\/20250824_171859-300x169.jpg 300w, https:\/\/www.voyages-cc.fr\/WP\/wp-content\/uploads\/2025\/08\/20250824_171859-768x432.jpg 768w, https:\/\/www.voyages-cc.fr\/WP\/wp-content\/uploads\/2025\/08\/20250824_171859-1536x865.jpg 1536w, https:\/\/www.voyages-cc.fr\/WP\/wp-content\/uploads\/2025\/08\/20250824_171859-2048x1153.jpg 2048w\" sizes=\"auto, (max-width: 1024px) 100vw, 1024px\" \/><figcaption class=\"wp-element-caption\">Nous avons eu un peu peur en voyant passer ce camion musical<\/figcaption><\/figure>\n\n\n\n<figure class=\"wp-block-image size-large\"><img loading=\"lazy\" decoding=\"async\" width=\"1024\" height=\"576\" src=\"https:\/\/www.voyages-cc.fr\/WP\/wp-content\/uploads\/2025\/08\/IMG_8314-1024x576.jpg\" alt=\"\" class=\"wp-image-19926\" srcset=\"https:\/\/www.voyages-cc.fr\/WP\/wp-content\/uploads\/2025\/08\/IMG_8314-1024x576.jpg 1024w, https:\/\/www.voyages-cc.fr\/WP\/wp-content\/uploads\/2025\/08\/IMG_8314-300x169.jpg 300w, https:\/\/www.voyages-cc.fr\/WP\/wp-content\/uploads\/2025\/08\/IMG_8314-768x432.jpg 768w, https:\/\/www.voyages-cc.fr\/WP\/wp-content\/uploads\/2025\/08\/IMG_8314-1536x864.jpg 1536w, https:\/\/www.voyages-cc.fr\/WP\/wp-content\/uploads\/2025\/08\/IMG_8314-2048x1152.jpg 2048w\" sizes=\"auto, (max-width: 1024px) 100vw, 1024px\" \/><\/figure>\n","protected":false},"excerpt":{"rendered":"<p>Encore des kilom\u00e8tres de route avec moins de camions cette fois. C\u2019est dimanche!! Au Br\u00e9sil la tr\u00eave du dimanche est r\u00e9elle ! Aucun magasin ou atelier n\u2019est ouvert surtout l\u2019apr\u00e8s-midi. Les villes paraissent d\u00e9sertes.Les paysages changent au fur et \u00e0 mesure que nous avan\u00e7ons. Nous montons en altitude et l\u2019ambiance devient plus min\u00e9rale. Adieu la [&hellip;]<\/p>\n","protected":false},"author":1,"featured_media":0,"comment_status":"open","ping_status":"closed","sticky":false,"template":"","format":"standard","meta":{"_crdt_document":"","footnotes":""},"categories":[40,45],"tags":[],"class_list":["post-19911","post","type-post","status-publish","format-standard","hentry","category-ameriques","category-bresil"],"_links":{"self":[{"href":"https:\/\/www.voyages-cc.fr\/index.php?rest_route=\/wp\/v2\/posts\/19911","targetHints":{"allow":["GET"]}}],"collection":[{"href":"https:\/\/www.voyages-cc.fr\/index.php?rest_route=\/wp\/v2\/posts"}],"about":[{"href":"https:\/\/www.voyages-cc.fr\/index.php?rest_route=\/wp\/v2\/types\/post"}],"author":[{"embeddable":true,"href":"https:\/\/www.voyages-cc.fr\/index.php?rest_route=\/wp\/v2\/users\/1"}],"replies":[{"embeddable":true,"href":"https:\/\/www.voyages-cc.fr\/index.php?rest_route=%2Fwp%2Fv2%2Fcomments&post=19911"}],"version-history":[{"count":1,"href":"https:\/\/www.voyages-cc.fr\/index.php?rest_route=\/wp\/v2\/posts\/19911\/revisions"}],"predecessor-version":[{"id":19932,"href":"https:\/\/www.voyages-cc.fr\/index.php?rest_route=\/wp\/v2\/posts\/19911\/revisions\/19932"}],"wp:attachment":[{"href":"https:\/\/www.voyages-cc.fr\/index.php?rest_route=%2Fwp%2Fv2%2Fmedia&parent=19911"}],"wp:term":[{"taxonomy":"category","embeddable":true,"href":"https:\/\/www.voyages-cc.fr\/index.php?rest_route=%2Fwp%2Fv2%2Fcategories&post=19911"},{"taxonomy":"post_tag","embeddable":true,"href":"https:\/\/www.voyages-cc.fr\/index.php?rest_route=%2Fwp%2Fv2%2Ftags&post=19911"}],"curies":[{"name":"wp","href":"https:\/\/api.w.org\/{rel}","templated":true}]}}