{"id":19914,"date":"2025-08-25T01:15:04","date_gmt":"2025-08-24T23:15:04","guid":{"rendered":"http:\/\/wordpress:8080\/?p=19914"},"modified":"2025-08-28T01:37:23","modified_gmt":"2025-08-27T23:37:23","slug":"l-25-08-25-governador-valadares-belo-horizonte","status":"publish","type":"post","link":"https:\/\/www.voyages-cc.fr\/?p=19914","title":{"rendered":"L 25\/08\/25 : Governador Valadares &#8211; Belo Horizonte"},"content":{"rendered":"\n<p class=\"wp-block-paragraph\">Il reste 400 kilom\u00e8tres pour atteindre Belo Horizonte.<br>Bruno arrive \u00e9puis\u00e9 !!<br>Ce soir nous bivouaquons au centre de Belo Horizonte sur le parking d\u2019un magasin de luminaires dont le propri\u00e9taire dit que c&rsquo;est juste un plaisir de nous aider. Merci IOverlander\ud83d\ude0a<\/p>\n\n\n\n<figure class=\"wp-block-image size-large\"><img loading=\"lazy\" decoding=\"async\" width=\"1024\" height=\"576\" src=\"https:\/\/www.voyages-cc.fr\/WP\/wp-content\/uploads\/2025\/08\/IMG_8338-1024x576.jpg\" alt=\"\" class=\"wp-image-19927\" srcset=\"https:\/\/www.voyages-cc.fr\/WP\/wp-content\/uploads\/2025\/08\/IMG_8338-1024x576.jpg 1024w, https:\/\/www.voyages-cc.fr\/WP\/wp-content\/uploads\/2025\/08\/IMG_8338-300x169.jpg 300w, https:\/\/www.voyages-cc.fr\/WP\/wp-content\/uploads\/2025\/08\/IMG_8338-768x432.jpg 768w, https:\/\/www.voyages-cc.fr\/WP\/wp-content\/uploads\/2025\/08\/IMG_8338-1536x864.jpg 1536w, https:\/\/www.voyages-cc.fr\/WP\/wp-content\/uploads\/2025\/08\/IMG_8338-2048x1152.jpg 2048w\" sizes=\"auto, (max-width: 1024px) 100vw, 1024px\" \/><\/figure>\n","protected":false},"excerpt":{"rendered":"<p>Il reste 400 kilom\u00e8tres pour atteindre Belo Horizonte.Bruno arrive \u00e9puis\u00e9 !!Ce soir nous bivouaquons au centre de Belo Horizonte sur le parking d\u2019un magasin de luminaires dont le propri\u00e9taire dit que c&rsquo;est juste un plaisir de nous aider. Merci IOverlander\ud83d\ude0a<\/p>\n","protected":false},"author":1,"featured_media":0,"comment_status":"open","ping_status":"closed","sticky":false,"template":"","format":"standard","meta":{"_crdt_document":"","footnotes":""},"categories":[40,45],"tags":[],"class_list":["post-19914","post","type-post","status-publish","format-standard","hentry","category-ameriques","category-bresil"],"_links":{"self":[{"href":"https:\/\/www.voyages-cc.fr\/index.php?rest_route=\/wp\/v2\/posts\/19914","targetHints":{"allow":["GET"]}}],"collection":[{"href":"https:\/\/www.voyages-cc.fr\/index.php?rest_route=\/wp\/v2\/posts"}],"about":[{"href":"https:\/\/www.voyages-cc.fr\/index.php?rest_route=\/wp\/v2\/types\/post"}],"author":[{"embeddable":true,"href":"https:\/\/www.voyages-cc.fr\/index.php?rest_route=\/wp\/v2\/users\/1"}],"replies":[{"embeddable":true,"href":"https:\/\/www.voyages-cc.fr\/index.php?rest_route=%2Fwp%2Fv2%2Fcomments&post=19914"}],"version-history":[{"count":1,"href":"https:\/\/www.voyages-cc.fr\/index.php?rest_route=\/wp\/v2\/posts\/19914\/revisions"}],"predecessor-version":[{"id":19933,"href":"https:\/\/www.voyages-cc.fr\/index.php?rest_route=\/wp\/v2\/posts\/19914\/revisions\/19933"}],"wp:attachment":[{"href":"https:\/\/www.voyages-cc.fr\/index.php?rest_route=%2Fwp%2Fv2%2Fmedia&parent=19914"}],"wp:term":[{"taxonomy":"category","embeddable":true,"href":"https:\/\/www.voyages-cc.fr\/index.php?rest_route=%2Fwp%2Fv2%2Fcategories&post=19914"},{"taxonomy":"post_tag","embeddable":true,"href":"https:\/\/www.voyages-cc.fr\/index.php?rest_route=%2Fwp%2Fv2%2Ftags&post=19914"}],"curies":[{"name":"wp","href":"https:\/\/api.w.org\/{rel}","templated":true}]}}