{"id":19976,"date":"2025-08-26T02:38:22","date_gmt":"2025-08-26T00:38:22","guid":{"rendered":"http:\/\/wordpress:8080\/?p=19926"},"modified":"2025-08-30T02:19:39","modified_gmt":"2025-08-30T00:19:39","slug":"m-26-08-25-belo-horizonte","status":"publish","type":"post","link":"https:\/\/www.voyages-cc.fr\/?p=19976","title":{"rendered":"M 26\/08\/25 : Belo Horizonte"},"content":{"rendered":"\n<p class=\"wp-block-paragraph\">Apr\u00e8s tous ces kilom\u00e8tres nous d\u00e9cidons de faire une pause de quelques jours.<br>Nous visitons \u00e0 pied le centre-ville tout proche de notre stationnement.<\/p>\n\n\n\n<p class=\"wp-block-paragraph\">Belo Horizonte est une grande ville et m\u00eame une m\u00e9galopole cr\u00e9\u00e9e de toute part en 1897. Par la volont\u00e9 de ses planificateurs, le site fut choisi au c\u0153ur de la zone d&rsquo;extraction du minerai de fer du plateau du Br\u00e9sil, le Minas Gerais, dont la capitale \u00e9tait alors Ouro Preto qui, devenue trop exigu\u00eb et trop ancienne, fut donc remplac\u00e9e \u00e0 la fin du XIXe si\u00e8cle par Belo Horizonte.<\/p>\n\n\n\n<figure class=\"wp-block-gallery has-nested-images columns-default is-cropped wp-block-gallery-1 is-layout-flex wp-block-gallery-is-layout-flex\">\n<figure class=\"wp-block-image size-large\"><img loading=\"lazy\" decoding=\"async\" width=\"1024\" height=\"760\" data-id=\"19973\" src=\"https:\/\/www.voyages-cc.fr\/WP\/wp-content\/uploads\/2025\/08\/DSCF7742-1024x760.jpg\" alt=\"\" class=\"wp-image-19973\" srcset=\"https:\/\/www.voyages-cc.fr\/WP\/wp-content\/uploads\/2025\/08\/DSCF7742-1024x760.jpg 1024w, https:\/\/www.voyages-cc.fr\/WP\/wp-content\/uploads\/2025\/08\/DSCF7742-300x223.jpg 300w, https:\/\/www.voyages-cc.fr\/WP\/wp-content\/uploads\/2025\/08\/DSCF7742-768x570.jpg 768w, https:\/\/www.voyages-cc.fr\/WP\/wp-content\/uploads\/2025\/08\/DSCF7742-1536x1140.jpg 1536w, https:\/\/www.voyages-cc.fr\/WP\/wp-content\/uploads\/2025\/08\/DSCF7742-2048x1520.jpg 2048w\" sizes=\"auto, (max-width: 1024px) 100vw, 1024px\" \/><\/figure>\n\n\n\n<figure class=\"wp-block-image size-large\"><img loading=\"lazy\" decoding=\"async\" width=\"1024\" height=\"765\" data-id=\"19972\" src=\"https:\/\/www.voyages-cc.fr\/WP\/wp-content\/uploads\/2025\/08\/DSCF7741-1024x765.jpg\" alt=\"\" class=\"wp-image-19972\" srcset=\"https:\/\/www.voyages-cc.fr\/WP\/wp-content\/uploads\/2025\/08\/DSCF7741-1024x765.jpg 1024w, https:\/\/www.voyages-cc.fr\/WP\/wp-content\/uploads\/2025\/08\/DSCF7741-300x224.jpg 300w, https:\/\/www.voyages-cc.fr\/WP\/wp-content\/uploads\/2025\/08\/DSCF7741-768x574.jpg 768w, https:\/\/www.voyages-cc.fr\/WP\/wp-content\/uploads\/2025\/08\/DSCF7741-1536x1147.jpg 1536w, https:\/\/www.voyages-cc.fr\/WP\/wp-content\/uploads\/2025\/08\/DSCF7741-2048x1530.jpg 2048w\" sizes=\"auto, (max-width: 1024px) 100vw, 1024px\" \/><\/figure>\n<figcaption class=\"blocks-gallery-caption wp-element-caption\">Nossa Senhora do Boa Viagem &#8211; Notre-Dame du Bon Voyage<\/figcaption><\/figure>\n\n\n\n<p class=\"wp-block-paragraph\">Le parc municipal inaugur\u00e9 le 26 septembre 1897, faisait partie int\u00e9grante du projet originel de la ville. Inspir\u00e9 par les parcs fran\u00e7ais de la Belle \u00c9poque, il constitue un oc\u00e9an de verdure au milieu des tours et du b\u00e9ton.<\/p>\n\n\n\n<figure class=\"wp-block-gallery has-nested-images columns-default is-cropped wp-block-gallery-2 is-layout-flex wp-block-gallery-is-layout-flex\">\n<figure class=\"wp-block-image size-large\"><img loading=\"lazy\" decoding=\"async\" width=\"1024\" height=\"576\" data-id=\"19974\" src=\"https:\/\/www.voyages-cc.fr\/WP\/wp-content\/uploads\/2025\/08\/DSCF7743-1024x576.jpg\" alt=\"\" class=\"wp-image-19974\" srcset=\"https:\/\/www.voyages-cc.fr\/WP\/wp-content\/uploads\/2025\/08\/DSCF7743-1024x576.jpg 1024w, https:\/\/www.voyages-cc.fr\/WP\/wp-content\/uploads\/2025\/08\/DSCF7743-300x169.jpg 300w, https:\/\/www.voyages-cc.fr\/WP\/wp-content\/uploads\/2025\/08\/DSCF7743-768x432.jpg 768w, https:\/\/www.voyages-cc.fr\/WP\/wp-content\/uploads\/2025\/08\/DSCF7743-1536x864.jpg 1536w, https:\/\/www.voyages-cc.fr\/WP\/wp-content\/uploads\/2025\/08\/DSCF7743-2048x1152.jpg 2048w\" sizes=\"auto, (max-width: 1024px) 100vw, 1024px\" \/><\/figure>\n\n\n\n<figure class=\"wp-block-image size-large\"><img loading=\"lazy\" decoding=\"async\" width=\"1024\" height=\"576\" data-id=\"19958\" src=\"https:\/\/www.voyages-cc.fr\/WP\/wp-content\/uploads\/2025\/08\/DSCF7744-1024x576.jpg\" alt=\"\" class=\"wp-image-19958\" srcset=\"https:\/\/www.voyages-cc.fr\/WP\/wp-content\/uploads\/2025\/08\/DSCF7744-1024x576.jpg 1024w, https:\/\/www.voyages-cc.fr\/WP\/wp-content\/uploads\/2025\/08\/DSCF7744-300x169.jpg 300w, https:\/\/www.voyages-cc.fr\/WP\/wp-content\/uploads\/2025\/08\/DSCF7744-768x432.jpg 768w, https:\/\/www.voyages-cc.fr\/WP\/wp-content\/uploads\/2025\/08\/DSCF7744-1536x864.jpg 1536w, https:\/\/www.voyages-cc.fr\/WP\/wp-content\/uploads\/2025\/08\/DSCF7744-2048x1152.jpg 2048w\" sizes=\"auto, (max-width: 1024px) 100vw, 1024px\" \/><\/figure>\n<figcaption class=\"blocks-gallery-caption wp-element-caption\">Lacs dans le parc<\/figcaption><\/figure>\n\n\n\n<figure class=\"wp-block-image size-large is-resized\"><img loading=\"lazy\" decoding=\"async\" width=\"768\" height=\"1024\" src=\"https:\/\/www.voyages-cc.fr\/WP\/wp-content\/uploads\/2025\/08\/IMG_8377-768x1024.jpg\" alt=\"\" class=\"wp-image-19967\" style=\"width:450px\" srcset=\"https:\/\/www.voyages-cc.fr\/WP\/wp-content\/uploads\/2025\/08\/IMG_8377-768x1024.jpg 768w, https:\/\/www.voyages-cc.fr\/WP\/wp-content\/uploads\/2025\/08\/IMG_8377-225x300.jpg 225w, https:\/\/www.voyages-cc.fr\/WP\/wp-content\/uploads\/2025\/08\/IMG_8377-1152x1536.jpg 1152w, https:\/\/www.voyages-cc.fr\/WP\/wp-content\/uploads\/2025\/08\/IMG_8377-1536x2048.jpg 1536w, https:\/\/www.voyages-cc.fr\/WP\/wp-content\/uploads\/2025\/08\/IMG_8377-scaled.jpg 1920w\" sizes=\"auto, (max-width: 768px) 100vw, 768px\" \/><figcaption class=\"wp-element-caption\">Pau Ferro, au bois tr\u00e8s dur. L&rsquo;\u00e9corce ressemble \u00e0 celle du platane<\/figcaption><\/figure>\n\n\n\n<figure class=\"wp-block-image size-large\"><img loading=\"lazy\" decoding=\"async\" width=\"1024\" height=\"576\" src=\"https:\/\/www.voyages-cc.fr\/WP\/wp-content\/uploads\/2025\/08\/DSCF7745-1024x576.jpg\" alt=\"\" class=\"wp-image-19959\" srcset=\"https:\/\/www.voyages-cc.fr\/WP\/wp-content\/uploads\/2025\/08\/DSCF7745-1024x576.jpg 1024w, https:\/\/www.voyages-cc.fr\/WP\/wp-content\/uploads\/2025\/08\/DSCF7745-300x169.jpg 300w, https:\/\/www.voyages-cc.fr\/WP\/wp-content\/uploads\/2025\/08\/DSCF7745-768x432.jpg 768w, https:\/\/www.voyages-cc.fr\/WP\/wp-content\/uploads\/2025\/08\/DSCF7745-1536x864.jpg 1536w, https:\/\/www.voyages-cc.fr\/WP\/wp-content\/uploads\/2025\/08\/DSCF7745-2048x1152.jpg 2048w\" sizes=\"auto, (max-width: 1024px) 100vw, 1024px\" \/><figcaption class=\"wp-element-caption\">Maison de l&rsquo;artisanat du Minas Gerais<\/figcaption><\/figure>\n\n\n\n<figure class=\"wp-block-image size-large is-resized\"><img loading=\"lazy\" decoding=\"async\" width=\"757\" height=\"1024\" src=\"https:\/\/www.voyages-cc.fr\/WP\/wp-content\/uploads\/2025\/08\/DSCF7747-757x1024.jpg\" alt=\"\" class=\"wp-image-19960\" style=\"width:450px\" srcset=\"https:\/\/www.voyages-cc.fr\/WP\/wp-content\/uploads\/2025\/08\/DSCF7747-757x1024.jpg 757w, https:\/\/www.voyages-cc.fr\/WP\/wp-content\/uploads\/2025\/08\/DSCF7747-222x300.jpg 222w, https:\/\/www.voyages-cc.fr\/WP\/wp-content\/uploads\/2025\/08\/DSCF7747-768x1038.jpg 768w, https:\/\/www.voyages-cc.fr\/WP\/wp-content\/uploads\/2025\/08\/DSCF7747-1136x1536.jpg 1136w, https:\/\/www.voyages-cc.fr\/WP\/wp-content\/uploads\/2025\/08\/DSCF7747-1515x2048.jpg 1515w, https:\/\/www.voyages-cc.fr\/WP\/wp-content\/uploads\/2025\/08\/DSCF7747-scaled.jpg 1893w\" sizes=\"auto, (max-width: 757px) 100vw, 757px\" \/><figcaption class=\"wp-element-caption\">Mus\u00e9e de la mode, perdu au milieu des buildings<\/figcaption><\/figure>\n\n\n\n<p class=\"wp-block-paragraph\">Un petit tour au Mercado Central qui nous surprend par sa grandeur et la diversit\u00e9 de toutes ses \u00e9choppes.<\/p>\n\n\n\n<figure class=\"wp-block-image size-large\"><img loading=\"lazy\" decoding=\"async\" width=\"1024\" height=\"576\" src=\"https:\/\/www.voyages-cc.fr\/WP\/wp-content\/uploads\/2025\/08\/IMG_8379-1024x576.jpg\" alt=\"\" class=\"wp-image-19968\" srcset=\"https:\/\/www.voyages-cc.fr\/WP\/wp-content\/uploads\/2025\/08\/IMG_8379-1024x576.jpg 1024w, https:\/\/www.voyages-cc.fr\/WP\/wp-content\/uploads\/2025\/08\/IMG_8379-300x169.jpg 300w, https:\/\/www.voyages-cc.fr\/WP\/wp-content\/uploads\/2025\/08\/IMG_8379-768x432.jpg 768w, https:\/\/www.voyages-cc.fr\/WP\/wp-content\/uploads\/2025\/08\/IMG_8379-1536x864.jpg 1536w, https:\/\/www.voyages-cc.fr\/WP\/wp-content\/uploads\/2025\/08\/IMG_8379-2048x1152.jpg 2048w\" sizes=\"auto, (max-width: 1024px) 100vw, 1024px\" \/><figcaption class=\"wp-element-caption\">Une des nombreuses entr\u00e9es du Mercado Central<\/figcaption><\/figure>\n\n\n\n<figure class=\"wp-block-image size-large\"><img loading=\"lazy\" decoding=\"async\" width=\"1024\" height=\"576\" src=\"https:\/\/www.voyages-cc.fr\/WP\/wp-content\/uploads\/2025\/08\/IMG_8381-1024x576.jpg\" alt=\"\" class=\"wp-image-19970\" srcset=\"https:\/\/www.voyages-cc.fr\/WP\/wp-content\/uploads\/2025\/08\/IMG_8381-1024x576.jpg 1024w, https:\/\/www.voyages-cc.fr\/WP\/wp-content\/uploads\/2025\/08\/IMG_8381-300x169.jpg 300w, https:\/\/www.voyages-cc.fr\/WP\/wp-content\/uploads\/2025\/08\/IMG_8381-768x432.jpg 768w, https:\/\/www.voyages-cc.fr\/WP\/wp-content\/uploads\/2025\/08\/IMG_8381-1536x864.jpg 1536w, https:\/\/www.voyages-cc.fr\/WP\/wp-content\/uploads\/2025\/08\/IMG_8381-2048x1152.jpg 2048w\" sizes=\"auto, (max-width: 1024px) 100vw, 1024px\" \/><figcaption class=\"wp-element-caption\">De la saucisse au kilom\u00e8tre<\/figcaption><\/figure>\n\n\n\n<p class=\"wp-block-paragraph\">Bruno est attir\u00e9 par une boutique qui propose des fromages. Bien s\u00fbr nous achetons \u2026 du Reblochon!!<\/p>\n\n\n\n<figure class=\"wp-block-gallery has-nested-images columns-default is-cropped wp-block-gallery-3 is-layout-flex wp-block-gallery-is-layout-flex\">\n<figure class=\"wp-block-image size-large\"><img loading=\"lazy\" decoding=\"async\" width=\"1024\" height=\"576\" data-id=\"19961\" src=\"https:\/\/www.voyages-cc.fr\/WP\/wp-content\/uploads\/2025\/08\/DSCF7749-1024x576.jpg\" alt=\"\" class=\"wp-image-19961\" srcset=\"https:\/\/www.voyages-cc.fr\/WP\/wp-content\/uploads\/2025\/08\/DSCF7749-1024x576.jpg 1024w, https:\/\/www.voyages-cc.fr\/WP\/wp-content\/uploads\/2025\/08\/DSCF7749-300x169.jpg 300w, https:\/\/www.voyages-cc.fr\/WP\/wp-content\/uploads\/2025\/08\/DSCF7749-768x432.jpg 768w, https:\/\/www.voyages-cc.fr\/WP\/wp-content\/uploads\/2025\/08\/DSCF7749-1536x864.jpg 1536w, https:\/\/www.voyages-cc.fr\/WP\/wp-content\/uploads\/2025\/08\/DSCF7749-2048x1152.jpg 2048w\" sizes=\"auto, (max-width: 1024px) 100vw, 1024px\" \/><\/figure>\n\n\n\n<figure class=\"wp-block-image size-large\"><img loading=\"lazy\" decoding=\"async\" width=\"1024\" height=\"576\" data-id=\"19962\" src=\"https:\/\/www.voyages-cc.fr\/WP\/wp-content\/uploads\/2025\/08\/DSCF7750-1024x576.jpg\" alt=\"\" class=\"wp-image-19962\" srcset=\"https:\/\/www.voyages-cc.fr\/WP\/wp-content\/uploads\/2025\/08\/DSCF7750-1024x576.jpg 1024w, https:\/\/www.voyages-cc.fr\/WP\/wp-content\/uploads\/2025\/08\/DSCF7750-300x169.jpg 300w, https:\/\/www.voyages-cc.fr\/WP\/wp-content\/uploads\/2025\/08\/DSCF7750-768x432.jpg 768w, https:\/\/www.voyages-cc.fr\/WP\/wp-content\/uploads\/2025\/08\/DSCF7750-1536x864.jpg 1536w, https:\/\/www.voyages-cc.fr\/WP\/wp-content\/uploads\/2025\/08\/DSCF7750-2048x1152.jpg 2048w\" sizes=\"auto, (max-width: 1024px) 100vw, 1024px\" \/><\/figure>\n<figcaption class=\"blocks-gallery-caption wp-element-caption\">Du fromage pour r\u00e9acclimater notre corps \u00e0 la gastronomie fran\u00e7aise<\/figcaption><\/figure>\n\n\n\n<figure class=\"wp-block-image size-large\"><img loading=\"lazy\" decoding=\"async\" width=\"1024\" height=\"576\" src=\"https:\/\/www.voyages-cc.fr\/WP\/wp-content\/uploads\/2025\/08\/IMG_8380-1024x576.jpg\" alt=\"\" class=\"wp-image-19969\" srcset=\"https:\/\/www.voyages-cc.fr\/WP\/wp-content\/uploads\/2025\/08\/IMG_8380-1024x576.jpg 1024w, https:\/\/www.voyages-cc.fr\/WP\/wp-content\/uploads\/2025\/08\/IMG_8380-300x169.jpg 300w, https:\/\/www.voyages-cc.fr\/WP\/wp-content\/uploads\/2025\/08\/IMG_8380-768x432.jpg 768w, https:\/\/www.voyages-cc.fr\/WP\/wp-content\/uploads\/2025\/08\/IMG_8380-1536x864.jpg 1536w, https:\/\/www.voyages-cc.fr\/WP\/wp-content\/uploads\/2025\/08\/IMG_8380-2048x1152.jpg 2048w\" sizes=\"auto, (max-width: 1024px) 100vw, 1024px\" \/><\/figure>\n\n\n\n<p class=\"wp-block-paragraph\">Nous d\u00e9jeunons sur place de plats br\u00e9siliens et rentrons nous reposer.<\/p>\n\n\n\n<p class=\"wp-block-paragraph\">Dans l\u2019apr\u00e8s-midi, nous montons \u00e0 pied vers la place de la Liberdade.<br>Le grand parc est entour\u00e9 de beaux b\u00e2timents de style art d\u00e9co dont le si\u00e8ge du gouvernement du Minas Gerais.<\/p>\n\n\n\n<figure class=\"wp-block-image size-large\"><img loading=\"lazy\" decoding=\"async\" width=\"1024\" height=\"753\" src=\"https:\/\/www.voyages-cc.fr\/WP\/wp-content\/uploads\/2025\/08\/DSCF7755-1024x753.jpg\" alt=\"\" class=\"wp-image-19966\" srcset=\"https:\/\/www.voyages-cc.fr\/WP\/wp-content\/uploads\/2025\/08\/DSCF7755-1024x753.jpg 1024w, https:\/\/www.voyages-cc.fr\/WP\/wp-content\/uploads\/2025\/08\/DSCF7755-300x221.jpg 300w, https:\/\/www.voyages-cc.fr\/WP\/wp-content\/uploads\/2025\/08\/DSCF7755-768x565.jpg 768w, https:\/\/www.voyages-cc.fr\/WP\/wp-content\/uploads\/2025\/08\/DSCF7755-1536x1130.jpg 1536w, https:\/\/www.voyages-cc.fr\/WP\/wp-content\/uploads\/2025\/08\/DSCF7755-2048x1507.jpg 2048w\" sizes=\"auto, (max-width: 1024px) 100vw, 1024px\" \/><figcaption class=\"wp-element-caption\">Gouvernement du Minas Gerais<\/figcaption><\/figure>\n\n\n\n<figure class=\"wp-block-gallery has-nested-images columns-default is-cropped wp-block-gallery-4 is-layout-flex wp-block-gallery-is-layout-flex\">\n<figure class=\"wp-block-image size-large\"><img loading=\"lazy\" decoding=\"async\" width=\"1024\" height=\"765\" data-id=\"19965\" src=\"https:\/\/www.voyages-cc.fr\/WP\/wp-content\/uploads\/2025\/08\/DSCF7754-1024x765.jpg\" alt=\"\" class=\"wp-image-19965\" srcset=\"https:\/\/www.voyages-cc.fr\/WP\/wp-content\/uploads\/2025\/08\/DSCF7754-1024x765.jpg 1024w, https:\/\/www.voyages-cc.fr\/WP\/wp-content\/uploads\/2025\/08\/DSCF7754-300x224.jpg 300w, https:\/\/www.voyages-cc.fr\/WP\/wp-content\/uploads\/2025\/08\/DSCF7754-768x574.jpg 768w, https:\/\/www.voyages-cc.fr\/WP\/wp-content\/uploads\/2025\/08\/DSCF7754-1536x1147.jpg 1536w, https:\/\/www.voyages-cc.fr\/WP\/wp-content\/uploads\/2025\/08\/DSCF7754-2048x1530.jpg 2048w\" sizes=\"auto, (max-width: 1024px) 100vw, 1024px\" \/><\/figure>\n\n\n\n<figure class=\"wp-block-image size-large\"><img loading=\"lazy\" decoding=\"async\" width=\"1024\" height=\"765\" data-id=\"19963\" src=\"https:\/\/www.voyages-cc.fr\/WP\/wp-content\/uploads\/2025\/08\/DSCF7751-1024x765.jpg\" alt=\"\" class=\"wp-image-19963\" srcset=\"https:\/\/www.voyages-cc.fr\/WP\/wp-content\/uploads\/2025\/08\/DSCF7751-1024x765.jpg 1024w, https:\/\/www.voyages-cc.fr\/WP\/wp-content\/uploads\/2025\/08\/DSCF7751-300x224.jpg 300w, https:\/\/www.voyages-cc.fr\/WP\/wp-content\/uploads\/2025\/08\/DSCF7751-768x574.jpg 768w, https:\/\/www.voyages-cc.fr\/WP\/wp-content\/uploads\/2025\/08\/DSCF7751-1536x1147.jpg 1536w, https:\/\/www.voyages-cc.fr\/WP\/wp-content\/uploads\/2025\/08\/DSCF7751-2048x1530.jpg 2048w\" sizes=\"auto, (max-width: 1024px) 100vw, 1024px\" \/><\/figure>\n<figcaption class=\"blocks-gallery-caption wp-element-caption\">Autour de la place<\/figcaption><\/figure>\n\n\n\n<p class=\"wp-block-paragraph\">Un b\u00e2timent r\u00e9sidentiel en millefeuille retient notre attention. Il a \u00e9t\u00e9 con\u00e7u par l\u2019architecte Oscar Niemeyer, l\u2019architecte de Brasilia, et construit entre 1954 et 1960. C\u2019est une pi\u00e8ce embl\u00e9matique de l\u2019architecture moderniste br\u00e9silienne.<\/p>\n\n\n\n<figure class=\"wp-block-image size-large\"><img loading=\"lazy\" decoding=\"async\" width=\"1024\" height=\"576\" src=\"https:\/\/www.voyages-cc.fr\/WP\/wp-content\/uploads\/2025\/08\/DSCF7753-1024x576.jpg\" alt=\"\" class=\"wp-image-19964\" srcset=\"https:\/\/www.voyages-cc.fr\/WP\/wp-content\/uploads\/2025\/08\/DSCF7753-1024x576.jpg 1024w, https:\/\/www.voyages-cc.fr\/WP\/wp-content\/uploads\/2025\/08\/DSCF7753-300x169.jpg 300w, https:\/\/www.voyages-cc.fr\/WP\/wp-content\/uploads\/2025\/08\/DSCF7753-768x432.jpg 768w, https:\/\/www.voyages-cc.fr\/WP\/wp-content\/uploads\/2025\/08\/DSCF7753-1536x864.jpg 1536w, https:\/\/www.voyages-cc.fr\/WP\/wp-content\/uploads\/2025\/08\/DSCF7753-2048x1152.jpg 2048w\" sizes=\"auto, (max-width: 1024px) 100vw, 1024px\" \/><figcaption class=\"wp-element-caption\">\u0152uvre de Niemeyer<\/figcaption><\/figure>\n\n\n\n<figure class=\"wp-block-image size-large\"><img loading=\"lazy\" decoding=\"async\" width=\"1024\" height=\"576\" src=\"https:\/\/www.voyages-cc.fr\/WP\/wp-content\/uploads\/2025\/08\/IMG_8386-1024x576.jpg\" alt=\"\" class=\"wp-image-19971\" srcset=\"https:\/\/www.voyages-cc.fr\/WP\/wp-content\/uploads\/2025\/08\/IMG_8386-1024x576.jpg 1024w, https:\/\/www.voyages-cc.fr\/WP\/wp-content\/uploads\/2025\/08\/IMG_8386-300x169.jpg 300w, https:\/\/www.voyages-cc.fr\/WP\/wp-content\/uploads\/2025\/08\/IMG_8386-768x432.jpg 768w, https:\/\/www.voyages-cc.fr\/WP\/wp-content\/uploads\/2025\/08\/IMG_8386-1536x864.jpg 1536w, https:\/\/www.voyages-cc.fr\/WP\/wp-content\/uploads\/2025\/08\/IMG_8386-2048x1152.jpg 2048w\" sizes=\"auto, (max-width: 1024px) 100vw, 1024px\" \/><figcaption class=\"wp-element-caption\">Conversation avec le propri\u00e9taire du magasin<\/figcaption><\/figure>\n","protected":false},"excerpt":{"rendered":"<p>Apr\u00e8s tous ces kilom\u00e8tres nous d\u00e9cidons de faire une pause de quelques jours.Nous visitons \u00e0 pied le centre-ville tout proche de notre stationnement. Belo Horizonte est une grande ville et m\u00eame une m\u00e9galopole cr\u00e9\u00e9e de toute part en 1897. Par la volont\u00e9 de ses planificateurs, le site fut choisi au c\u0153ur de la zone d&rsquo;extraction [&hellip;]<\/p>\n","protected":false},"author":1,"featured_media":0,"comment_status":"open","ping_status":"closed","sticky":false,"template":"","format":"standard","meta":{"_crdt_document":"","footnotes":""},"categories":[40,45],"tags":[],"class_list":["post-19976","post","type-post","status-publish","format-standard","hentry","category-ameriques","category-bresil"],"_links":{"self":[{"href":"https:\/\/www.voyages-cc.fr\/index.php?rest_route=\/wp\/v2\/posts\/19976","targetHints":{"allow":["GET"]}}],"collection":[{"href":"https:\/\/www.voyages-cc.fr\/index.php?rest_route=\/wp\/v2\/posts"}],"about":[{"href":"https:\/\/www.voyages-cc.fr\/index.php?rest_route=\/wp\/v2\/types\/post"}],"author":[{"embeddable":true,"href":"https:\/\/www.voyages-cc.fr\/index.php?rest_route=\/wp\/v2\/users\/1"}],"replies":[{"embeddable":true,"href":"https:\/\/www.voyages-cc.fr\/index.php?rest_route=%2Fwp%2Fv2%2Fcomments&post=19976"}],"version-history":[{"count":1,"href":"https:\/\/www.voyages-cc.fr\/index.php?rest_route=\/wp\/v2\/posts\/19976\/revisions"}],"predecessor-version":[{"id":19980,"href":"https:\/\/www.voyages-cc.fr\/index.php?rest_route=\/wp\/v2\/posts\/19976\/revisions\/19980"}],"wp:attachment":[{"href":"https:\/\/www.voyages-cc.fr\/index.php?rest_route=%2Fwp%2Fv2%2Fmedia&parent=19976"}],"wp:term":[{"taxonomy":"category","embeddable":true,"href":"https:\/\/www.voyages-cc.fr\/index.php?rest_route=%2Fwp%2Fv2%2Fcategories&post=19976"},{"taxonomy":"post_tag","embeddable":true,"href":"https:\/\/www.voyages-cc.fr\/index.php?rest_route=%2Fwp%2Fv2%2Ftags&post=19976"}],"curies":[{"name":"wp","href":"https:\/\/api.w.org\/{rel}","templated":true}]}}