{"id":19977,"date":"2025-08-27T02:38:53","date_gmt":"2025-08-27T00:38:53","guid":{"rendered":"http:\/\/wordpress:8080\/?p=19928"},"modified":"2025-08-30T02:24:00","modified_gmt":"2025-08-30T00:24:00","slug":"m-27-08-25-belo-horizonte","status":"publish","type":"post","link":"https:\/\/www.voyages-cc.fr\/?p=19977","title":{"rendered":"M&rsquo; 27\/08\/25 : Belo Horizonte"},"content":{"rendered":"\n<p class=\"wp-block-paragraph\">Ce matin nous retournons sur la place de la Liberdade pour visiter le mus\u00e9e des mines et du m\u00e9tal. Il est install\u00e9 dans un tr\u00e8s beau b\u00e2timent art d\u00e9co.<\/p>\n\n\n\n<figure class=\"wp-block-gallery has-nested-images columns-default is-cropped wp-block-gallery-1 is-layout-flex wp-block-gallery-is-layout-flex\">\n<figure class=\"wp-block-image size-large\"><img loading=\"lazy\" decoding=\"async\" width=\"1024\" height=\"576\" data-id=\"19982\" src=\"https:\/\/www.voyages-cc.fr\/WP\/wp-content\/uploads\/2025\/08\/DSCF7757-1024x576.jpg\" alt=\"\" class=\"wp-image-19982\" srcset=\"https:\/\/www.voyages-cc.fr\/WP\/wp-content\/uploads\/2025\/08\/DSCF7757-1024x576.jpg 1024w, https:\/\/www.voyages-cc.fr\/WP\/wp-content\/uploads\/2025\/08\/DSCF7757-300x169.jpg 300w, https:\/\/www.voyages-cc.fr\/WP\/wp-content\/uploads\/2025\/08\/DSCF7757-768x432.jpg 768w, https:\/\/www.voyages-cc.fr\/WP\/wp-content\/uploads\/2025\/08\/DSCF7757-1536x864.jpg 1536w, https:\/\/www.voyages-cc.fr\/WP\/wp-content\/uploads\/2025\/08\/DSCF7757-2048x1152.jpg 2048w\" sizes=\"auto, (max-width: 1024px) 100vw, 1024px\" \/><\/figure>\n\n\n\n<figure class=\"wp-block-image size-large\"><img loading=\"lazy\" decoding=\"async\" width=\"1024\" height=\"576\" data-id=\"19983\" src=\"https:\/\/www.voyages-cc.fr\/WP\/wp-content\/uploads\/2025\/08\/DSCF7758-1024x576.jpg\" alt=\"\" class=\"wp-image-19983\" srcset=\"https:\/\/www.voyages-cc.fr\/WP\/wp-content\/uploads\/2025\/08\/DSCF7758-1024x576.jpg 1024w, https:\/\/www.voyages-cc.fr\/WP\/wp-content\/uploads\/2025\/08\/DSCF7758-300x169.jpg 300w, https:\/\/www.voyages-cc.fr\/WP\/wp-content\/uploads\/2025\/08\/DSCF7758-768x432.jpg 768w, https:\/\/www.voyages-cc.fr\/WP\/wp-content\/uploads\/2025\/08\/DSCF7758-1536x864.jpg 1536w, https:\/\/www.voyages-cc.fr\/WP\/wp-content\/uploads\/2025\/08\/DSCF7758-2048x1152.jpg 2048w\" sizes=\"auto, (max-width: 1024px) 100vw, 1024px\" \/><\/figure>\n<figcaption class=\"blocks-gallery-caption wp-element-caption\">Mus\u00e9e des mines et du m\u00e9tal<\/figcaption><\/figure>\n\n\n\n<figure class=\"wp-block-image size-large\"><img loading=\"lazy\" decoding=\"async\" width=\"1024\" height=\"751\" src=\"https:\/\/www.voyages-cc.fr\/WP\/wp-content\/uploads\/2025\/08\/IMG_8396-1024x751.jpg\" alt=\"\" class=\"wp-image-19987\" srcset=\"https:\/\/www.voyages-cc.fr\/WP\/wp-content\/uploads\/2025\/08\/IMG_8396-1024x751.jpg 1024w, https:\/\/www.voyages-cc.fr\/WP\/wp-content\/uploads\/2025\/08\/IMG_8396-300x220.jpg 300w, https:\/\/www.voyages-cc.fr\/WP\/wp-content\/uploads\/2025\/08\/IMG_8396-768x563.jpg 768w, https:\/\/www.voyages-cc.fr\/WP\/wp-content\/uploads\/2025\/08\/IMG_8396-1536x1126.jpg 1536w, https:\/\/www.voyages-cc.fr\/WP\/wp-content\/uploads\/2025\/08\/IMG_8396-2048x1502.jpg 2048w\" sizes=\"auto, (max-width: 1024px) 100vw, 1024px\" \/><figcaption class=\"wp-element-caption\">Entr\u00e9e<\/figcaption><\/figure>\n\n\n\n<figure class=\"wp-block-image size-large is-resized\"><img loading=\"lazy\" decoding=\"async\" width=\"577\" height=\"1024\" src=\"https:\/\/www.voyages-cc.fr\/WP\/wp-content\/uploads\/2025\/08\/20250827_100729-577x1024.jpg\" alt=\"\" class=\"wp-image-19989\" style=\"width:450px\" srcset=\"https:\/\/www.voyages-cc.fr\/WP\/wp-content\/uploads\/2025\/08\/20250827_100729-577x1024.jpg 577w, https:\/\/www.voyages-cc.fr\/WP\/wp-content\/uploads\/2025\/08\/20250827_100729-169x300.jpg 169w, https:\/\/www.voyages-cc.fr\/WP\/wp-content\/uploads\/2025\/08\/20250827_100729-768x1364.jpg 768w, https:\/\/www.voyages-cc.fr\/WP\/wp-content\/uploads\/2025\/08\/20250827_100729-865x1536.jpg 865w, https:\/\/www.voyages-cc.fr\/WP\/wp-content\/uploads\/2025\/08\/20250827_100729-1153x2048.jpg 1153w, https:\/\/www.voyages-cc.fr\/WP\/wp-content\/uploads\/2025\/08\/20250827_100729-scaled.jpg 1441w\" sizes=\"auto, (max-width: 577px) 100vw, 577px\" \/><figcaption class=\"wp-element-caption\">Escalier en fer forg\u00e9<\/figcaption><\/figure>\n\n\n\n<p class=\"wp-block-paragraph\">Les expositions du mus\u00e9e montrent le lien entre les activit\u00e9s mini\u00e8res et le d\u00e9veloppement r\u00e9gional \u00e0 travers des collections de m\u00e9taux, min\u00e9raux et \u00e9quipements industriels.<\/p>\n\n\n\n<figure class=\"wp-block-image size-large\"><img loading=\"lazy\" decoding=\"async\" width=\"1024\" height=\"768\" src=\"https:\/\/www.voyages-cc.fr\/WP\/wp-content\/uploads\/2025\/08\/IMG_8394-1024x768.jpg\" alt=\"\" class=\"wp-image-19985\" srcset=\"https:\/\/www.voyages-cc.fr\/WP\/wp-content\/uploads\/2025\/08\/IMG_8394-1024x768.jpg 1024w, https:\/\/www.voyages-cc.fr\/WP\/wp-content\/uploads\/2025\/08\/IMG_8394-300x225.jpg 300w, https:\/\/www.voyages-cc.fr\/WP\/wp-content\/uploads\/2025\/08\/IMG_8394-768x576.jpg 768w, https:\/\/www.voyages-cc.fr\/WP\/wp-content\/uploads\/2025\/08\/IMG_8394-1536x1152.jpg 1536w, https:\/\/www.voyages-cc.fr\/WP\/wp-content\/uploads\/2025\/08\/IMG_8394-2048x1536.jpg 2048w\" sizes=\"auto, (max-width: 1024px) 100vw, 1024px\" \/><figcaption class=\"wp-element-caption\">Production mondiale d&rsquo;acier. La France repr\u00e9sente 1% de la Chine<\/figcaption><\/figure>\n\n\n\n<figure class=\"wp-block-image size-large\"><img loading=\"lazy\" decoding=\"async\" width=\"1024\" height=\"576\" src=\"https:\/\/www.voyages-cc.fr\/WP\/wp-content\/uploads\/2025\/08\/IMG_8395-1024x576.jpg\" alt=\"\" class=\"wp-image-19986\" srcset=\"https:\/\/www.voyages-cc.fr\/WP\/wp-content\/uploads\/2025\/08\/IMG_8395-1024x576.jpg 1024w, https:\/\/www.voyages-cc.fr\/WP\/wp-content\/uploads\/2025\/08\/IMG_8395-300x169.jpg 300w, https:\/\/www.voyages-cc.fr\/WP\/wp-content\/uploads\/2025\/08\/IMG_8395-768x432.jpg 768w, https:\/\/www.voyages-cc.fr\/WP\/wp-content\/uploads\/2025\/08\/IMG_8395-1536x864.jpg 1536w, https:\/\/www.voyages-cc.fr\/WP\/wp-content\/uploads\/2025\/08\/IMG_8395-2048x1152.jpg 2048w\" sizes=\"auto, (max-width: 1024px) 100vw, 1024px\" \/><figcaption class=\"wp-element-caption\">Quartz<\/figcaption><\/figure>\n\n\n\n<figure class=\"wp-block-image size-large\"><img loading=\"lazy\" decoding=\"async\" width=\"1024\" height=\"545\" src=\"https:\/\/www.voyages-cc.fr\/WP\/wp-content\/uploads\/2025\/08\/20250827_105448-1024x545.jpg\" alt=\"\" class=\"wp-image-19981\" srcset=\"https:\/\/www.voyages-cc.fr\/WP\/wp-content\/uploads\/2025\/08\/20250827_105448-1024x545.jpg 1024w, https:\/\/www.voyages-cc.fr\/WP\/wp-content\/uploads\/2025\/08\/20250827_105448-300x160.jpg 300w, https:\/\/www.voyages-cc.fr\/WP\/wp-content\/uploads\/2025\/08\/20250827_105448-768x409.jpg 768w, https:\/\/www.voyages-cc.fr\/WP\/wp-content\/uploads\/2025\/08\/20250827_105448-1536x817.jpg 1536w, https:\/\/www.voyages-cc.fr\/WP\/wp-content\/uploads\/2025\/08\/20250827_105448-2048x1090.jpg 2048w\" sizes=\"auto, (max-width: 1024px) 100vw, 1024px\" \/><figcaption class=\"wp-element-caption\">Escalier du centre culturel de la Banque du Br\u00e9sil<\/figcaption><\/figure>\n\n\n\n<p class=\"wp-block-paragraph\">Dans l\u2019apr\u00e8s-midi Bruno veut faire v\u00e9rifier les amortisseurs arri\u00e8re de Trottinette. Nous nous rendons chez Nissan. L\u00e0 un sp\u00e9cialiste le rassure quant \u00e0 la bonne sant\u00e9 de ceux-ci.<br>Nous finissons l\u2019apr\u00e8s-midi aupr\u00e8s du lac Pampulha et y bivouaquons.<\/p>\n\n\n\n<figure class=\"wp-block-image size-large\"><img loading=\"lazy\" decoding=\"async\" width=\"1024\" height=\"736\" src=\"https:\/\/www.voyages-cc.fr\/WP\/wp-content\/uploads\/2025\/08\/IMG_8405-1024x736.jpg\" alt=\"\" class=\"wp-image-19988\" srcset=\"https:\/\/www.voyages-cc.fr\/WP\/wp-content\/uploads\/2025\/08\/IMG_8405-1024x736.jpg 1024w, https:\/\/www.voyages-cc.fr\/WP\/wp-content\/uploads\/2025\/08\/IMG_8405-300x216.jpg 300w, https:\/\/www.voyages-cc.fr\/WP\/wp-content\/uploads\/2025\/08\/IMG_8405-768x552.jpg 768w, https:\/\/www.voyages-cc.fr\/WP\/wp-content\/uploads\/2025\/08\/IMG_8405-1536x1104.jpg 1536w, https:\/\/www.voyages-cc.fr\/WP\/wp-content\/uploads\/2025\/08\/IMG_8405-2048x1472.jpg 2048w\" sizes=\"auto, (max-width: 1024px) 100vw, 1024px\" \/><figcaption class=\"wp-element-caption\">Stade Jornalista Felipe Drummond<\/figcaption><\/figure>\n","protected":false},"excerpt":{"rendered":"<p>Ce matin nous retournons sur la place de la Liberdade pour visiter le mus\u00e9e des mines et du m\u00e9tal. Il est install\u00e9 dans un tr\u00e8s beau b\u00e2timent art d\u00e9co. Les expositions du mus\u00e9e montrent le lien entre les activit\u00e9s mini\u00e8res et le d\u00e9veloppement r\u00e9gional \u00e0 travers des collections de m\u00e9taux, min\u00e9raux et \u00e9quipements industriels. Dans [&hellip;]<\/p>\n","protected":false},"author":1,"featured_media":0,"comment_status":"open","ping_status":"closed","sticky":false,"template":"","format":"standard","meta":{"_crdt_document":"","footnotes":""},"categories":[40,45],"tags":[],"class_list":["post-19977","post","type-post","status-publish","format-standard","hentry","category-ameriques","category-bresil"],"_links":{"self":[{"href":"https:\/\/www.voyages-cc.fr\/index.php?rest_route=\/wp\/v2\/posts\/19977","targetHints":{"allow":["GET"]}}],"collection":[{"href":"https:\/\/www.voyages-cc.fr\/index.php?rest_route=\/wp\/v2\/posts"}],"about":[{"href":"https:\/\/www.voyages-cc.fr\/index.php?rest_route=\/wp\/v2\/types\/post"}],"author":[{"embeddable":true,"href":"https:\/\/www.voyages-cc.fr\/index.php?rest_route=\/wp\/v2\/users\/1"}],"replies":[{"embeddable":true,"href":"https:\/\/www.voyages-cc.fr\/index.php?rest_route=%2Fwp%2Fv2%2Fcomments&post=19977"}],"version-history":[{"count":1,"href":"https:\/\/www.voyages-cc.fr\/index.php?rest_route=\/wp\/v2\/posts\/19977\/revisions"}],"predecessor-version":[{"id":19991,"href":"https:\/\/www.voyages-cc.fr\/index.php?rest_route=\/wp\/v2\/posts\/19977\/revisions\/19991"}],"wp:attachment":[{"href":"https:\/\/www.voyages-cc.fr\/index.php?rest_route=%2Fwp%2Fv2%2Fmedia&parent=19977"}],"wp:term":[{"taxonomy":"category","embeddable":true,"href":"https:\/\/www.voyages-cc.fr\/index.php?rest_route=%2Fwp%2Fv2%2Fcategories&post=19977"},{"taxonomy":"post_tag","embeddable":true,"href":"https:\/\/www.voyages-cc.fr\/index.php?rest_route=%2Fwp%2Fv2%2Ftags&post=19977"}],"curies":[{"name":"wp","href":"https:\/\/api.w.org\/{rel}","templated":true}]}}