{"id":20101,"date":"2025-08-31T13:43:46","date_gmt":"2025-08-31T11:43:46","guid":{"rendered":"http:\/\/wordpress:8080\/?p=20101"},"modified":"2025-09-06T00:19:03","modified_gmt":"2025-09-05T22:19:03","slug":"d-31-08-25-petropolis","status":"publish","type":"post","link":"https:\/\/www.voyages-cc.fr\/?p=20101","title":{"rendered":"D 31\/08\/25 : Petropolis"},"content":{"rendered":"\n<p class=\"wp-block-paragraph\">Apr\u00e8s une journ\u00e9e de route nous sommes contents de nous poser dans le fond d\u2019une impasse proche du quartier historique de Petropolis. Le calme\ud83d\ude0a.<br>Changement de climat, nous sommes \u00e0 838 m d\u2019altitude. On a remis la couette pour dormir.<\/p>\n\n\n\n<p class=\"wp-block-paragraph\">Dans la matin\u00e9e nous descendons d\u00e9couvrir cette ville \u00ab imp\u00e9riale \u00bb r\u00e9sidence d\u2019\u00e9t\u00e9 de l\u2019empereur Pedro II et de son gouvernement. Pedro II a \u00e9t\u00e9 empereur du Br\u00e9sil de 1831 \u00e0 1889, ann\u00e9e o\u00f9 la r\u00e9publique a \u00e9t\u00e9 proclam\u00e9e.<\/p>\n\n\n\n<p class=\"wp-block-paragraph\">Devant la cath\u00e9drale,  nous trouvons plusieurs VW vintage, en particulier cette coccinelle de couleur rouille, tr\u00e8s bien customis\u00e9e.<\/p>\n\n\n\n<figure class=\"wp-block-gallery has-nested-images columns-default is-cropped wp-block-gallery-1 is-layout-flex wp-block-gallery-is-layout-flex\">\n<figure class=\"wp-block-image size-large\"><img loading=\"lazy\" decoding=\"async\" width=\"1024\" height=\"576\" data-id=\"20133\" src=\"https:\/\/www.voyages-cc.fr\/WP\/wp-content\/uploads\/2025\/08\/70D004_3841-1024x576.jpg\" alt=\"\" class=\"wp-image-20133\" srcset=\"https:\/\/www.voyages-cc.fr\/WP\/wp-content\/uploads\/2025\/08\/70D004_3841-1024x576.jpg 1024w, https:\/\/www.voyages-cc.fr\/WP\/wp-content\/uploads\/2025\/08\/70D004_3841-300x169.jpg 300w, https:\/\/www.voyages-cc.fr\/WP\/wp-content\/uploads\/2025\/08\/70D004_3841-768x432.jpg 768w, https:\/\/www.voyages-cc.fr\/WP\/wp-content\/uploads\/2025\/08\/70D004_3841-1536x864.jpg 1536w, https:\/\/www.voyages-cc.fr\/WP\/wp-content\/uploads\/2025\/08\/70D004_3841-2048x1152.jpg 2048w\" sizes=\"auto, (max-width: 1024px) 100vw, 1024px\" \/><\/figure>\n\n\n\n<figure class=\"wp-block-image size-large\"><img loading=\"lazy\" decoding=\"async\" width=\"1024\" height=\"576\" data-id=\"20145\" src=\"https:\/\/www.voyages-cc.fr\/WP\/wp-content\/uploads\/2025\/08\/IMG_8562-1024x576.jpg\" alt=\"\" class=\"wp-image-20145\" srcset=\"https:\/\/www.voyages-cc.fr\/WP\/wp-content\/uploads\/2025\/08\/IMG_8562-1024x576.jpg 1024w, https:\/\/www.voyages-cc.fr\/WP\/wp-content\/uploads\/2025\/08\/IMG_8562-300x169.jpg 300w, https:\/\/www.voyages-cc.fr\/WP\/wp-content\/uploads\/2025\/08\/IMG_8562-768x432.jpg 768w, https:\/\/www.voyages-cc.fr\/WP\/wp-content\/uploads\/2025\/08\/IMG_8562-1536x864.jpg 1536w, https:\/\/www.voyages-cc.fr\/WP\/wp-content\/uploads\/2025\/08\/IMG_8562-2048x1152.jpg 2048w\" sizes=\"auto, (max-width: 1024px) 100vw, 1024px\" \/><\/figure>\n<figcaption class=\"blocks-gallery-caption wp-element-caption\">Vintage et customis\u00e9e<\/figcaption><\/figure>\n\n\n\n<figure class=\"wp-block-image size-large\"><img loading=\"lazy\" decoding=\"async\" width=\"1024\" height=\"576\" src=\"https:\/\/www.voyages-cc.fr\/WP\/wp-content\/uploads\/2025\/08\/IMG_8561-1024x576.jpg\" alt=\"\" class=\"wp-image-20144\" srcset=\"https:\/\/www.voyages-cc.fr\/WP\/wp-content\/uploads\/2025\/08\/IMG_8561-1024x576.jpg 1024w, https:\/\/www.voyages-cc.fr\/WP\/wp-content\/uploads\/2025\/08\/IMG_8561-300x169.jpg 300w, https:\/\/www.voyages-cc.fr\/WP\/wp-content\/uploads\/2025\/08\/IMG_8561-768x432.jpg 768w, https:\/\/www.voyages-cc.fr\/WP\/wp-content\/uploads\/2025\/08\/IMG_8561-1536x864.jpg 1536w, https:\/\/www.voyages-cc.fr\/WP\/wp-content\/uploads\/2025\/08\/IMG_8561-2048x1152.jpg 2048w\" sizes=\"auto, (max-width: 1024px) 100vw, 1024px\" \/><figcaption class=\"wp-element-caption\">Un marchand opportuniste de VW en bois \u00e0 cot\u00e9 de la vraie<\/figcaption><\/figure>\n\n\n\n<figure class=\"wp-block-image size-large\"><img loading=\"lazy\" decoding=\"async\" width=\"1024\" height=\"576\" src=\"https:\/\/www.voyages-cc.fr\/WP\/wp-content\/uploads\/2025\/08\/70D004_3849-1024x576.jpg\" alt=\"\" class=\"wp-image-20135\" srcset=\"https:\/\/www.voyages-cc.fr\/WP\/wp-content\/uploads\/2025\/08\/70D004_3849-1024x576.jpg 1024w, https:\/\/www.voyages-cc.fr\/WP\/wp-content\/uploads\/2025\/08\/70D004_3849-300x169.jpg 300w, https:\/\/www.voyages-cc.fr\/WP\/wp-content\/uploads\/2025\/08\/70D004_3849-768x432.jpg 768w, https:\/\/www.voyages-cc.fr\/WP\/wp-content\/uploads\/2025\/08\/70D004_3849-1536x864.jpg 1536w, https:\/\/www.voyages-cc.fr\/WP\/wp-content\/uploads\/2025\/08\/70D004_3849-2048x1152.jpg 2048w\" sizes=\"auto, (max-width: 1024px) 100vw, 1024px\" \/><figcaption class=\"wp-element-caption\">Cath\u00e9drale<\/figcaption><\/figure>\n\n\n\n<p class=\"wp-block-paragraph\">\u00c0 l\u2019entr\u00e9e de la cath\u00e9drale : le tombeau de l&#8217;empereur, de son \u00e9pouse, de son unique fille Isabel et de son gendre fran\u00e7ais.<\/p>\n\n\n\n<figure class=\"wp-block-image size-large\"><img loading=\"lazy\" decoding=\"async\" width=\"1024\" height=\"798\" src=\"https:\/\/www.voyages-cc.fr\/WP\/wp-content\/uploads\/2025\/08\/IMG_8560-1024x798.jpg\" alt=\"\" class=\"wp-image-20143\" srcset=\"https:\/\/www.voyages-cc.fr\/WP\/wp-content\/uploads\/2025\/08\/IMG_8560-1024x798.jpg 1024w, https:\/\/www.voyages-cc.fr\/WP\/wp-content\/uploads\/2025\/08\/IMG_8560-300x234.jpg 300w, https:\/\/www.voyages-cc.fr\/WP\/wp-content\/uploads\/2025\/08\/IMG_8560-768x599.jpg 768w, https:\/\/www.voyages-cc.fr\/WP\/wp-content\/uploads\/2025\/08\/IMG_8560-1536x1198.jpg 1536w, https:\/\/www.voyages-cc.fr\/WP\/wp-content\/uploads\/2025\/08\/IMG_8560-2048x1597.jpg 2048w\" sizes=\"auto, (max-width: 1024px) 100vw, 1024px\" \/><figcaption class=\"wp-element-caption\">Mausol\u00e9e imp\u00e9rial<\/figcaption><\/figure>\n\n\n\n<p class=\"wp-block-paragraph\">\u00c0 quelques pas de la cath\u00e9drale, la Casa de Isabel qui signa le trait\u00e9 d\u2019abolition de l\u2019esclavage en 1888.<\/p>\n\n\n\n<figure class=\"wp-block-image size-large\"><img loading=\"lazy\" decoding=\"async\" width=\"1024\" height=\"576\" src=\"https:\/\/www.voyages-cc.fr\/WP\/wp-content\/uploads\/2025\/08\/70D004_3844-1024x576.jpg\" alt=\"\" class=\"wp-image-20134\" srcset=\"https:\/\/www.voyages-cc.fr\/WP\/wp-content\/uploads\/2025\/08\/70D004_3844-1024x576.jpg 1024w, https:\/\/www.voyages-cc.fr\/WP\/wp-content\/uploads\/2025\/08\/70D004_3844-300x169.jpg 300w, https:\/\/www.voyages-cc.fr\/WP\/wp-content\/uploads\/2025\/08\/70D004_3844-768x432.jpg 768w\" sizes=\"auto, (max-width: 1024px) 100vw, 1024px\" \/><figcaption class=\"wp-element-caption\">Casa da Princesa Isabel<\/figcaption><\/figure>\n\n\n\n<p class=\"wp-block-paragraph\">Nous nous baladons le long de la rivi\u00e8re qui est bord\u00e9e de jolies maisons de style. Un petit air de For\u00eat Noire dans cette ville.<\/p>\n\n\n\n<figure class=\"wp-block-image size-large\"><img loading=\"lazy\" decoding=\"async\" width=\"1024\" height=\"768\" src=\"https:\/\/www.voyages-cc.fr\/WP\/wp-content\/uploads\/2025\/08\/IMG_8563-1024x768.jpg\" alt=\"\" class=\"wp-image-20146\" srcset=\"https:\/\/www.voyages-cc.fr\/WP\/wp-content\/uploads\/2025\/08\/IMG_8563-1024x768.jpg 1024w, https:\/\/www.voyages-cc.fr\/WP\/wp-content\/uploads\/2025\/08\/IMG_8563-300x225.jpg 300w, https:\/\/www.voyages-cc.fr\/WP\/wp-content\/uploads\/2025\/08\/IMG_8563-768x576.jpg 768w, https:\/\/www.voyages-cc.fr\/WP\/wp-content\/uploads\/2025\/08\/IMG_8563-1536x1152.jpg 1536w, https:\/\/www.voyages-cc.fr\/WP\/wp-content\/uploads\/2025\/08\/IMG_8563-2048x1536.jpg 2048w\" sizes=\"auto, (max-width: 1024px) 100vw, 1024px\" \/><figcaption class=\"wp-element-caption\">Le long de la rivi\u00e8re<\/figcaption><\/figure>\n\n\n\n<p class=\"wp-block-paragraph\">Nous d\u00e9jeunons dans une auberge qui nous fait penser \u00e0 Strasbourg.<\/p>\n\n\n\n<figure class=\"wp-block-image size-large\"><img loading=\"lazy\" decoding=\"async\" width=\"1024\" height=\"576\" src=\"https:\/\/www.voyages-cc.fr\/WP\/wp-content\/uploads\/2025\/08\/70D004_3850-1024x576.jpg\" alt=\"\" class=\"wp-image-20136\" srcset=\"https:\/\/www.voyages-cc.fr\/WP\/wp-content\/uploads\/2025\/08\/70D004_3850-1024x576.jpg 1024w, https:\/\/www.voyages-cc.fr\/WP\/wp-content\/uploads\/2025\/08\/70D004_3850-300x169.jpg 300w, https:\/\/www.voyages-cc.fr\/WP\/wp-content\/uploads\/2025\/08\/70D004_3850-768x432.jpg 768w\" sizes=\"auto, (max-width: 1024px) 100vw, 1024px\" \/><figcaption class=\"wp-element-caption\">Comme au bord de l&rsquo;Ill<\/figcaption><\/figure>\n\n\n\n<p class=\"wp-block-paragraph\">Nos pas se dirigeront ensuite vers la maison de Santos Dumont, c\u00e9l\u00e8bre pionnier de l\u2019aviation br\u00e9silien et pas loin de l\u00e0 la maquette \u00e0 taille r\u00e9elle de l&rsquo;avion le 14 bis.<\/p>\n\n\n\n<figure class=\"wp-block-image size-large\"><img loading=\"lazy\" decoding=\"async\" width=\"1024\" height=\"576\" src=\"https:\/\/www.voyages-cc.fr\/WP\/wp-content\/uploads\/2025\/08\/70D004_3851-1024x576.jpg\" alt=\"\" class=\"wp-image-20137\" srcset=\"https:\/\/www.voyages-cc.fr\/WP\/wp-content\/uploads\/2025\/08\/70D004_3851-1024x576.jpg 1024w, https:\/\/www.voyages-cc.fr\/WP\/wp-content\/uploads\/2025\/08\/70D004_3851-300x169.jpg 300w, https:\/\/www.voyages-cc.fr\/WP\/wp-content\/uploads\/2025\/08\/70D004_3851-768x432.jpg 768w, https:\/\/www.voyages-cc.fr\/WP\/wp-content\/uploads\/2025\/08\/70D004_3851-1536x864.jpg 1536w, https:\/\/www.voyages-cc.fr\/WP\/wp-content\/uploads\/2025\/08\/70D004_3851-2048x1152.jpg 2048w\" sizes=\"auto, (max-width: 1024px) 100vw, 1024px\" \/><figcaption class=\"wp-element-caption\">Maison de Santos-Dumont<\/figcaption><\/figure>\n\n\n\n<figure class=\"wp-block-image size-large\"><img loading=\"lazy\" decoding=\"async\" width=\"1024\" height=\"576\" src=\"https:\/\/www.voyages-cc.fr\/WP\/wp-content\/uploads\/2025\/08\/70D004_3852-1024x576.jpg\" alt=\"\" class=\"wp-image-20138\" srcset=\"https:\/\/www.voyages-cc.fr\/WP\/wp-content\/uploads\/2025\/08\/70D004_3852-1024x576.jpg 1024w, https:\/\/www.voyages-cc.fr\/WP\/wp-content\/uploads\/2025\/08\/70D004_3852-300x169.jpg 300w, https:\/\/www.voyages-cc.fr\/WP\/wp-content\/uploads\/2025\/08\/70D004_3852-768x432.jpg 768w, https:\/\/www.voyages-cc.fr\/WP\/wp-content\/uploads\/2025\/08\/70D004_3852-1536x864.jpg 1536w, https:\/\/www.voyages-cc.fr\/WP\/wp-content\/uploads\/2025\/08\/70D004_3852-2048x1152.jpg 2048w\" sizes=\"auto, (max-width: 1024px) 100vw, 1024px\" \/><figcaption class=\"wp-element-caption\">Le 14 bis de Santos-Dumont qui a d\u00e9coll\u00e9 le 23 octobre 1906<\/figcaption><\/figure>\n\n\n\n<figure class=\"wp-block-image size-full\"><img loading=\"lazy\" decoding=\"async\" width=\"2560\" height=\"1920\" src=\"https:\/\/www.voyages-cc.fr\/WP\/wp-content\/uploads\/2025\/08\/IMG_8565-scaled.jpg\" alt=\"\" class=\"wp-image-20132\" srcset=\"https:\/\/www.voyages-cc.fr\/WP\/wp-content\/uploads\/2025\/08\/IMG_8565-scaled.jpg 2560w, https:\/\/www.voyages-cc.fr\/WP\/wp-content\/uploads\/2025\/08\/IMG_8565-300x225.jpg 300w\" sizes=\"auto, (max-width: 2560px) 100vw, 2560px\" \/><figcaption class=\"wp-element-caption\">Caricatures de Santos-Dumont<\/figcaption><\/figure>\n\n\n\n<figure class=\"wp-block-image size-large\"><img loading=\"lazy\" decoding=\"async\" width=\"1024\" height=\"576\" src=\"https:\/\/www.voyages-cc.fr\/WP\/wp-content\/uploads\/2025\/08\/20250831_131835-1024x576.jpg\" alt=\"\" class=\"wp-image-20142\" srcset=\"https:\/\/www.voyages-cc.fr\/WP\/wp-content\/uploads\/2025\/08\/20250831_131835-1024x576.jpg 1024w, https:\/\/www.voyages-cc.fr\/WP\/wp-content\/uploads\/2025\/08\/20250831_131835-300x169.jpg 300w, https:\/\/www.voyages-cc.fr\/WP\/wp-content\/uploads\/2025\/08\/20250831_131835-768x432.jpg 768w, https:\/\/www.voyages-cc.fr\/WP\/wp-content\/uploads\/2025\/08\/20250831_131835-1536x864.jpg 1536w, https:\/\/www.voyages-cc.fr\/WP\/wp-content\/uploads\/2025\/08\/20250831_131835-2048x1152.jpg 2048w\" sizes=\"auto, (max-width: 1024px) 100vw, 1024px\" \/><figcaption class=\"wp-element-caption\">Vision futuriste<\/figcaption><\/figure>\n\n\n\n<figure class=\"wp-block-image size-large\"><img loading=\"lazy\" decoding=\"async\" width=\"1024\" height=\"576\" src=\"https:\/\/www.voyages-cc.fr\/WP\/wp-content\/uploads\/2025\/08\/20250831_130027-1024x576.jpg\" alt=\"\" class=\"wp-image-20141\" srcset=\"https:\/\/www.voyages-cc.fr\/WP\/wp-content\/uploads\/2025\/08\/20250831_130027-1024x576.jpg 1024w, https:\/\/www.voyages-cc.fr\/WP\/wp-content\/uploads\/2025\/08\/20250831_130027-300x169.jpg 300w, https:\/\/www.voyages-cc.fr\/WP\/wp-content\/uploads\/2025\/08\/20250831_130027-768x432.jpg 768w, https:\/\/www.voyages-cc.fr\/WP\/wp-content\/uploads\/2025\/08\/20250831_130027-1536x864.jpg 1536w, https:\/\/www.voyages-cc.fr\/WP\/wp-content\/uploads\/2025\/08\/20250831_130027-2048x1152.jpg 2048w\" sizes=\"auto, (max-width: 1024px) 100vw, 1024px\" \/><figcaption class=\"wp-element-caption\">Belle le\u00e7on de vie du p\u00e8re \u00e0 son fils<\/figcaption><\/figure>\n\n\n\n<p class=\"wp-block-paragraph\">Puis nous nous rendons au palais imp\u00e9rial devenu mus\u00e9e. Int\u00e9rieur en bois qui se visite en patins. A part la couronne imp\u00e9riale pas grand chose \u00e0 voir. Les photos sont interdites!<\/p>\n\n\n\n<figure class=\"wp-block-image size-large\"><img loading=\"lazy\" decoding=\"async\" width=\"1024\" height=\"684\" src=\"https:\/\/www.voyages-cc.fr\/WP\/wp-content\/uploads\/2025\/08\/70D004_3853-1024x684.jpg\" alt=\"\" class=\"wp-image-20139\" srcset=\"https:\/\/www.voyages-cc.fr\/WP\/wp-content\/uploads\/2025\/08\/70D004_3853-1024x684.jpg 1024w, https:\/\/www.voyages-cc.fr\/WP\/wp-content\/uploads\/2025\/08\/70D004_3853-300x200.jpg 300w, https:\/\/www.voyages-cc.fr\/WP\/wp-content\/uploads\/2025\/08\/70D004_3853-768x513.jpg 768w\" sizes=\"auto, (max-width: 1024px) 100vw, 1024px\" \/><figcaption class=\"wp-element-caption\">Palais imp\u00e9rial<\/figcaption><\/figure>\n\n\n\n<p class=\"wp-block-paragraph\">Dans le parc le mus\u00e9e des voitures, hippomobiles et \u00e0 vapeur.<\/p>\n\n\n\n<figure class=\"wp-block-image size-large\"><img loading=\"lazy\" decoding=\"async\" width=\"1024\" height=\"684\" src=\"https:\/\/www.voyages-cc.fr\/WP\/wp-content\/uploads\/2025\/08\/70D004_3854-1024x684.jpg\" alt=\"\" class=\"wp-image-20140\" srcset=\"https:\/\/www.voyages-cc.fr\/WP\/wp-content\/uploads\/2025\/08\/70D004_3854-1024x684.jpg 1024w, https:\/\/www.voyages-cc.fr\/WP\/wp-content\/uploads\/2025\/08\/70D004_3854-300x200.jpg 300w, https:\/\/www.voyages-cc.fr\/WP\/wp-content\/uploads\/2025\/08\/70D004_3854-768x513.jpg 768w, https:\/\/www.voyages-cc.fr\/WP\/wp-content\/uploads\/2025\/08\/70D004_3854-1536x1026.jpg 1536w, https:\/\/www.voyages-cc.fr\/WP\/wp-content\/uploads\/2025\/08\/70D004_3854-2048x1368.jpg 2048w\" sizes=\"auto, (max-width: 1024px) 100vw, 1024px\" \/><figcaption class=\"wp-element-caption\">Locomotive \u00e0 vapeur<\/figcaption><\/figure>\n\n\n\n<p class=\"wp-block-paragraph\">Apr\u00e8s cela un Uber nous ram\u00e8ne pr\u00e8s de Trottinette, eh oui la mont\u00e9e nous semblait fastidieuse.<br>Fin d\u2019apr\u00e8s-midi tranquille. Nous \u00e9changeons avec les voisins qui cherchent leur chat et nous proposent de l\u2019eau si besoin. \ud83e\udd29<\/p>\n","protected":false},"excerpt":{"rendered":"<p>Apr\u00e8s une journ\u00e9e de route nous sommes contents de nous poser dans le fond d\u2019une impasse proche du quartier historique de Petropolis. Le calme\ud83d\ude0a.Changement de climat, nous sommes \u00e0 838 m d\u2019altitude. On a remis la couette pour dormir. Dans la matin\u00e9e nous descendons d\u00e9couvrir cette ville \u00ab imp\u00e9riale \u00bb r\u00e9sidence d\u2019\u00e9t\u00e9 de l\u2019empereur Pedro [&hellip;]<\/p>\n","protected":false},"author":1,"featured_media":0,"comment_status":"open","ping_status":"closed","sticky":false,"template":"","format":"standard","meta":{"_crdt_document":"","footnotes":""},"categories":[40,45],"tags":[],"class_list":["post-20101","post","type-post","status-publish","format-standard","hentry","category-ameriques","category-bresil"],"_links":{"self":[{"href":"https:\/\/www.voyages-cc.fr\/index.php?rest_route=\/wp\/v2\/posts\/20101","targetHints":{"allow":["GET"]}}],"collection":[{"href":"https:\/\/www.voyages-cc.fr\/index.php?rest_route=\/wp\/v2\/posts"}],"about":[{"href":"https:\/\/www.voyages-cc.fr\/index.php?rest_route=\/wp\/v2\/types\/post"}],"author":[{"embeddable":true,"href":"https:\/\/www.voyages-cc.fr\/index.php?rest_route=\/wp\/v2\/users\/1"}],"replies":[{"embeddable":true,"href":"https:\/\/www.voyages-cc.fr\/index.php?rest_route=%2Fwp%2Fv2%2Fcomments&post=20101"}],"version-history":[{"count":1,"href":"https:\/\/www.voyages-cc.fr\/index.php?rest_route=\/wp\/v2\/posts\/20101\/revisions"}],"predecessor-version":[{"id":20148,"href":"https:\/\/www.voyages-cc.fr\/index.php?rest_route=\/wp\/v2\/posts\/20101\/revisions\/20148"}],"wp:attachment":[{"href":"https:\/\/www.voyages-cc.fr\/index.php?rest_route=%2Fwp%2Fv2%2Fmedia&parent=20101"}],"wp:term":[{"taxonomy":"category","embeddable":true,"href":"https:\/\/www.voyages-cc.fr\/index.php?rest_route=%2Fwp%2Fv2%2Fcategories&post=20101"},{"taxonomy":"post_tag","embeddable":true,"href":"https:\/\/www.voyages-cc.fr\/index.php?rest_route=%2Fwp%2Fv2%2Ftags&post=20101"}],"curies":[{"name":"wp","href":"https:\/\/api.w.org\/{rel}","templated":true}]}}