{"id":20119,"date":"2025-09-02T23:13:49","date_gmt":"2025-09-02T21:13:49","guid":{"rendered":"http:\/\/wordpress:8080\/?p=20119"},"modified":"2025-09-07T00:03:53","modified_gmt":"2025-09-06T22:03:53","slug":"m-02-09-25-agulhas-negras-embu-das-artes","status":"publish","type":"post","link":"https:\/\/www.voyages-cc.fr\/?p=20119","title":{"rendered":"M 02\/09\/25 : Agulhas Negras &#8211; Embu das Artes"},"content":{"rendered":"\n<p class=\"wp-block-paragraph\">Journ\u00e9e compliqu\u00e9e, avec de nombreux bouchons \u00e0 l&rsquo;arriv\u00e9e sur Sao Paulo, donc journ\u00e9e longue. Il faut traverser toute la m\u00e9gapole avec son lot de bouchons ici aussi.<br>Nous nous arr\u00eatons dans la banlieue ouest, sur le parking d&rsquo;un parc urbain au bord d&rsquo;un lac, \u00ab\u00a0tranquillo\u00a0\u00bb.<\/p>\n\n\n\n<figure class=\"wp-block-image size-full\"><img loading=\"lazy\" decoding=\"async\" width=\"2560\" height=\"1440\" src=\"https:\/\/www.voyages-cc.fr\/WP\/wp-content\/uploads\/2025\/09\/20250902_173118-scaled.jpg\" alt=\"\" class=\"wp-image-20155\" srcset=\"https:\/\/www.voyages-cc.fr\/WP\/wp-content\/uploads\/2025\/09\/20250902_173118-scaled.jpg 2560w, https:\/\/www.voyages-cc.fr\/WP\/wp-content\/uploads\/2025\/09\/20250902_173118-300x169.jpg 300w\" sizes=\"auto, (max-width: 2560px) 100vw, 2560px\" \/><figcaption class=\"wp-element-caption\">.<\/figcaption><\/figure>\n\n\n\n<figure class=\"wp-block-image size-full\"><img decoding=\"async\" src=\"https:\/\/www.voyages-cc.fr\/WP\/wp-content\/uploads\/2025\/09\/20250902_173358.jpg\" alt=\"\" class=\"wp-image-20154\"\/><figcaption class=\"wp-element-caption\">Jets d&rsquo;eau sur le lac<\/figcaption><\/figure>\n","protected":false},"excerpt":{"rendered":"<p>Journ\u00e9e compliqu\u00e9e, avec de nombreux bouchons \u00e0 l&rsquo;arriv\u00e9e sur Sao Paulo, donc journ\u00e9e longue. Il faut traverser toute la m\u00e9gapole avec son lot de bouchons ici aussi.Nous nous arr\u00eatons dans la banlieue ouest, sur le parking d&rsquo;un parc urbain au bord d&rsquo;un lac, \u00ab\u00a0tranquillo\u00a0\u00bb.<\/p>\n","protected":false},"author":1,"featured_media":0,"comment_status":"open","ping_status":"closed","sticky":false,"template":"","format":"standard","meta":{"_crdt_document":"","footnotes":""},"categories":[40,45],"tags":[],"class_list":["post-20119","post","type-post","status-publish","format-standard","hentry","category-ameriques","category-bresil"],"_links":{"self":[{"href":"https:\/\/www.voyages-cc.fr\/index.php?rest_route=\/wp\/v2\/posts\/20119","targetHints":{"allow":["GET"]}}],"collection":[{"href":"https:\/\/www.voyages-cc.fr\/index.php?rest_route=\/wp\/v2\/posts"}],"about":[{"href":"https:\/\/www.voyages-cc.fr\/index.php?rest_route=\/wp\/v2\/types\/post"}],"author":[{"embeddable":true,"href":"https:\/\/www.voyages-cc.fr\/index.php?rest_route=\/wp\/v2\/users\/1"}],"replies":[{"embeddable":true,"href":"https:\/\/www.voyages-cc.fr\/index.php?rest_route=%2Fwp%2Fv2%2Fcomments&post=20119"}],"version-history":[{"count":2,"href":"https:\/\/www.voyages-cc.fr\/index.php?rest_route=\/wp\/v2\/posts\/20119\/revisions"}],"predecessor-version":[{"id":20168,"href":"https:\/\/www.voyages-cc.fr\/index.php?rest_route=\/wp\/v2\/posts\/20119\/revisions\/20168"}],"wp:attachment":[{"href":"https:\/\/www.voyages-cc.fr\/index.php?rest_route=%2Fwp%2Fv2%2Fmedia&parent=20119"}],"wp:term":[{"taxonomy":"category","embeddable":true,"href":"https:\/\/www.voyages-cc.fr\/index.php?rest_route=%2Fwp%2Fv2%2Fcategories&post=20119"},{"taxonomy":"post_tag","embeddable":true,"href":"https:\/\/www.voyages-cc.fr\/index.php?rest_route=%2Fwp%2Fv2%2Ftags&post=20119"}],"curies":[{"name":"wp","href":"https:\/\/api.w.org\/{rel}","templated":true}]}}