{"id":20121,"date":"2025-09-03T23:14:43","date_gmt":"2025-09-03T21:14:43","guid":{"rendered":"http:\/\/wordpress:8080\/?p=20121"},"modified":"2025-09-09T00:30:50","modified_gmt":"2025-09-08T22:30:50","slug":"m-03-09-25-embu-das-artes-campina-grande-do-sul","status":"publish","type":"post","link":"https:\/\/www.voyages-cc.fr\/?p=20121","title":{"rendered":"M&rsquo; 03\/09\/25 : Embu das Artes &#8211; Campina Grande do Sul"},"content":{"rendered":"\n<p class=\"wp-block-paragraph\">Journ\u00e9e courte, la fatigue accumul\u00e9e ces derniers jours devient pesante pour le chauffeur. A l&rsquo;arr\u00eat d\u00e9jeuner, sit\u00f4t le moteur coup\u00e9, Bruno s&rsquo;allonge et dort 1 heure \ud83d\ude12<\/p>\n\n\n\n<figure class=\"wp-block-image size-full\"><img decoding=\"async\" src=\"https:\/\/www.voyages-cc.fr\/WP\/wp-content\/uploads\/2025\/09\/DJI001_0152-f007083.jpg\" alt=\"\" class=\"wp-image-20159\"\/><figcaption class=\"wp-element-caption\">.<\/figcaption><\/figure>\n\n\n\n<figure class=\"wp-block-image size-large\"><img loading=\"lazy\" decoding=\"async\" width=\"1024\" height=\"576\" src=\"https:\/\/www.voyages-cc.fr\/WP\/wp-content\/uploads\/2025\/09\/IMG_8621-1024x576.jpg\" alt=\"\" class=\"wp-image-20160\" srcset=\"https:\/\/www.voyages-cc.fr\/WP\/wp-content\/uploads\/2025\/09\/IMG_8621-1024x576.jpg 1024w, https:\/\/www.voyages-cc.fr\/WP\/wp-content\/uploads\/2025\/09\/IMG_8621-300x169.jpg 300w\" sizes=\"auto, (max-width: 1024px) 100vw, 1024px\" \/><figcaption class=\"wp-element-caption\">Encore 1807 km pour Montevideo<\/figcaption><\/figure>\n\n\n\n<p class=\"wp-block-paragraph\">Nous retrouvons la BR-101 que nous avions quitt\u00e9e pour aller sur Petropolis.<br>Venant de Rio, nous sommes sur la BR-116. Donc lorsque la BR-101 rejoint la BR-116, la route s&rsquo;appelle BR-116 \/ BR-101. Et comme on est dans l\u2019\u00e9tat de Sao Paulo, c&rsquo;est aussi la SP-230. \u00c7a fait BR-116 \/ BR-101 \/ SP-230. C&rsquo;est logique, non ?<\/p>\n\n\n\n<figure class=\"wp-block-image size-large\"><img loading=\"lazy\" decoding=\"async\" width=\"1024\" height=\"576\" src=\"https:\/\/www.voyages-cc.fr\/WP\/wp-content\/uploads\/2025\/09\/IMG_8622-1024x576.jpg\" alt=\"\" class=\"wp-image-20162\" srcset=\"https:\/\/www.voyages-cc.fr\/WP\/wp-content\/uploads\/2025\/09\/IMG_8622-1024x576.jpg 1024w, https:\/\/www.voyages-cc.fr\/WP\/wp-content\/uploads\/2025\/09\/IMG_8622-300x169.jpg 300w, https:\/\/www.voyages-cc.fr\/WP\/wp-content\/uploads\/2025\/09\/IMG_8622-768x432.jpg 768w, https:\/\/www.voyages-cc.fr\/WP\/wp-content\/uploads\/2025\/09\/IMG_8622-1536x864.jpg 1536w, https:\/\/www.voyages-cc.fr\/WP\/wp-content\/uploads\/2025\/09\/IMG_8622-2048x1152.jpg 2048w\" sizes=\"auto, (max-width: 1024px) 100vw, 1024px\" \/><figcaption class=\"wp-element-caption\">Le long ruban qui s&rsquo;\u00e9tale \u00e0 l&rsquo;infini<\/figcaption><\/figure>\n\n\n\n<figure class=\"wp-block-image size-full\"><img loading=\"lazy\" decoding=\"async\" width=\"2560\" height=\"1440\" src=\"https:\/\/www.voyages-cc.fr\/WP\/wp-content\/uploads\/2025\/09\/IMG_8623-scaled.jpg\" alt=\"\" class=\"wp-image-20161\" srcset=\"https:\/\/www.voyages-cc.fr\/WP\/wp-content\/uploads\/2025\/09\/IMG_8623-scaled.jpg 2560w, https:\/\/www.voyages-cc.fr\/WP\/wp-content\/uploads\/2025\/09\/IMG_8623-300x169.jpg 300w\" sizes=\"auto, (max-width: 2560px) 100vw, 2560px\" \/><figcaption class=\"wp-element-caption\">Trottinette a 200002 km\ud83c\udf82<\/figcaption><\/figure>\n\n\n\n<p class=\"wp-block-paragraph\">Nous faisons ensuite 1 heure de route pour nous arr\u00eater dans un camping au milieu de la nature. On n&rsquo;entend que les oiseaux.\ud83d\udc4c<\/p>\n\n\n\n<figure class=\"wp-block-image size-large\"><img loading=\"lazy\" decoding=\"async\" width=\"1024\" height=\"576\" src=\"https:\/\/www.voyages-cc.fr\/WP\/wp-content\/uploads\/2025\/09\/IMG_8628-1024x576.jpg\" alt=\"\" class=\"wp-image-20163\" srcset=\"https:\/\/www.voyages-cc.fr\/WP\/wp-content\/uploads\/2025\/09\/IMG_8628-1024x576.jpg 1024w, https:\/\/www.voyages-cc.fr\/WP\/wp-content\/uploads\/2025\/09\/IMG_8628-300x169.jpg 300w, https:\/\/www.voyages-cc.fr\/WP\/wp-content\/uploads\/2025\/09\/IMG_8628-768x432.jpg 768w, https:\/\/www.voyages-cc.fr\/WP\/wp-content\/uploads\/2025\/09\/IMG_8628-1536x864.jpg 1536w, https:\/\/www.voyages-cc.fr\/WP\/wp-content\/uploads\/2025\/09\/IMG_8628-2048x1152.jpg 2048w\" sizes=\"auto, (max-width: 1024px) 100vw, 1024px\" \/><figcaption class=\"wp-element-caption\">Un brin de nettoyage de Trottinette pour son anniversaire<\/figcaption><\/figure>\n\n\n\n<figure class=\"wp-block-image size-large\"><img loading=\"lazy\" decoding=\"async\" width=\"1024\" height=\"576\" src=\"https:\/\/www.voyages-cc.fr\/WP\/wp-content\/uploads\/2025\/09\/DJI001_0155-f004183-1024x576.jpg\" alt=\"\" class=\"wp-image-20165\" srcset=\"https:\/\/www.voyages-cc.fr\/WP\/wp-content\/uploads\/2025\/09\/DJI001_0155-f004183-1024x576.jpg 1024w, https:\/\/www.voyages-cc.fr\/WP\/wp-content\/uploads\/2025\/09\/DJI001_0155-f004183-300x169.jpg 300w, https:\/\/www.voyages-cc.fr\/WP\/wp-content\/uploads\/2025\/09\/DJI001_0155-f004183-768x432.jpg 768w, https:\/\/www.voyages-cc.fr\/WP\/wp-content\/uploads\/2025\/09\/DJI001_0155-f004183-1536x864.jpg 1536w, https:\/\/www.voyages-cc.fr\/WP\/wp-content\/uploads\/2025\/09\/DJI001_0155-f004183-2048x1152.jpg 2048w\" sizes=\"auto, (max-width: 1024px) 100vw, 1024px\" \/><figcaption class=\"wp-element-caption\">Represa Capivari (r\u00e9servoir de Capivari) et Trottinette un peu masqu\u00e9e par les arbres<\/figcaption><\/figure>\n\n\n\n<figure class=\"wp-block-image size-large\"><img loading=\"lazy\" decoding=\"async\" width=\"1024\" height=\"576\" src=\"https:\/\/www.voyages-cc.fr\/WP\/wp-content\/uploads\/2025\/09\/DJI001_0155-f000343-1024x576.jpg\" alt=\"\" class=\"wp-image-20164\" srcset=\"https:\/\/www.voyages-cc.fr\/WP\/wp-content\/uploads\/2025\/09\/DJI001_0155-f000343-1024x576.jpg 1024w, https:\/\/www.voyages-cc.fr\/WP\/wp-content\/uploads\/2025\/09\/DJI001_0155-f000343-300x169.jpg 300w, https:\/\/www.voyages-cc.fr\/WP\/wp-content\/uploads\/2025\/09\/DJI001_0155-f000343-768x432.jpg 768w, https:\/\/www.voyages-cc.fr\/WP\/wp-content\/uploads\/2025\/09\/DJI001_0155-f000343-1536x864.jpg 1536w, https:\/\/www.voyages-cc.fr\/WP\/wp-content\/uploads\/2025\/09\/DJI001_0155-f000343-2048x1152.jpg 2048w\" sizes=\"auto, (max-width: 1024px) 100vw, 1024px\" \/><figcaption class=\"wp-element-caption\">Coucher de soleil<\/figcaption><\/figure>\n","protected":false},"excerpt":{"rendered":"<p>Journ\u00e9e courte, la fatigue accumul\u00e9e ces derniers jours devient pesante pour le chauffeur. A l&rsquo;arr\u00eat d\u00e9jeuner, sit\u00f4t le moteur coup\u00e9, Bruno s&rsquo;allonge et dort 1 heure \ud83d\ude12 Nous retrouvons la BR-101 que nous avions quitt\u00e9e pour aller sur Petropolis.Venant de Rio, nous sommes sur la BR-116. Donc lorsque la BR-101 rejoint la BR-116, la route [&hellip;]<\/p>\n","protected":false},"author":1,"featured_media":0,"comment_status":"open","ping_status":"closed","sticky":false,"template":"","format":"standard","meta":{"_crdt_document":"","footnotes":""},"categories":[40,45],"tags":[],"class_list":["post-20121","post","type-post","status-publish","format-standard","hentry","category-ameriques","category-bresil"],"_links":{"self":[{"href":"https:\/\/www.voyages-cc.fr\/index.php?rest_route=\/wp\/v2\/posts\/20121","targetHints":{"allow":["GET"]}}],"collection":[{"href":"https:\/\/www.voyages-cc.fr\/index.php?rest_route=\/wp\/v2\/posts"}],"about":[{"href":"https:\/\/www.voyages-cc.fr\/index.php?rest_route=\/wp\/v2\/types\/post"}],"author":[{"embeddable":true,"href":"https:\/\/www.voyages-cc.fr\/index.php?rest_route=\/wp\/v2\/users\/1"}],"replies":[{"embeddable":true,"href":"https:\/\/www.voyages-cc.fr\/index.php?rest_route=%2Fwp%2Fv2%2Fcomments&post=20121"}],"version-history":[{"count":1,"href":"https:\/\/www.voyages-cc.fr\/index.php?rest_route=\/wp\/v2\/posts\/20121\/revisions"}],"predecessor-version":[{"id":20167,"href":"https:\/\/www.voyages-cc.fr\/index.php?rest_route=\/wp\/v2\/posts\/20121\/revisions\/20167"}],"wp:attachment":[{"href":"https:\/\/www.voyages-cc.fr\/index.php?rest_route=%2Fwp%2Fv2%2Fmedia&parent=20121"}],"wp:term":[{"taxonomy":"category","embeddable":true,"href":"https:\/\/www.voyages-cc.fr\/index.php?rest_route=%2Fwp%2Fv2%2Fcategories&post=20121"},{"taxonomy":"post_tag","embeddable":true,"href":"https:\/\/www.voyages-cc.fr\/index.php?rest_route=%2Fwp%2Fv2%2Ftags&post=20121"}],"curies":[{"name":"wp","href":"https:\/\/api.w.org\/{rel}","templated":true}]}}