{"id":20193,"date":"2025-09-07T01:29:42","date_gmt":"2025-09-06T23:29:42","guid":{"rendered":"http:\/\/wordpress:8080\/?p=20179"},"modified":"2025-09-10T00:03:43","modified_gmt":"2025-09-09T22:03:43","slug":"d-07-09-25-florianopolis-laguna","status":"publish","type":"post","link":"https:\/\/www.voyages-cc.fr\/?p=20193","title":{"rendered":"D 07\/09\/25 : Florianopolis &#8211; Laguna"},"content":{"rendered":"\n<p class=\"wp-block-paragraph\">Nous poursuivons la visite de l&rsquo;\u00eele Santa Catarina.<br>Ce matin, Santo Antonio de Lisboa, le saint Antoine qu&rsquo;on invoque quand on a perdu quelque chose.<br>Ce saint Antoine est n\u00e9 \u00e0 Lisbonne en 1195 et est mort \u00e0 Padoue en 1231. D&rsquo;o\u00f9 une certaine confusion.<\/p>\n\n\n\n<figure class=\"wp-block-image size-large\"><img loading=\"lazy\" decoding=\"async\" width=\"1024\" height=\"565\" src=\"https:\/\/www.voyages-cc.fr\/WP\/wp-content\/uploads\/2025\/09\/20250907_104421-1024x565.jpg\" alt=\"\" class=\"wp-image-20199\" srcset=\"https:\/\/www.voyages-cc.fr\/WP\/wp-content\/uploads\/2025\/09\/20250907_104421-1024x565.jpg 1024w, https:\/\/www.voyages-cc.fr\/WP\/wp-content\/uploads\/2025\/09\/20250907_104421-300x166.jpg 300w, https:\/\/www.voyages-cc.fr\/WP\/wp-content\/uploads\/2025\/09\/20250907_104421-768x424.jpg 768w, https:\/\/www.voyages-cc.fr\/WP\/wp-content\/uploads\/2025\/09\/20250907_104421-1536x848.jpg 1536w, https:\/\/www.voyages-cc.fr\/WP\/wp-content\/uploads\/2025\/09\/20250907_104421-2048x1131.jpg 2048w\" sizes=\"auto, (max-width: 1024px) 100vw, 1024px\" \/><figcaption class=\"wp-element-caption\">J&rsquo;aime<\/figcaption><\/figure>\n\n\n\n<figure class=\"wp-block-image size-large\"><img loading=\"lazy\" decoding=\"async\" width=\"1024\" height=\"576\" src=\"https:\/\/www.voyages-cc.fr\/WP\/wp-content\/uploads\/2025\/09\/IMG_8653-1024x576.jpg\" alt=\"\" class=\"wp-image-20204\" srcset=\"https:\/\/www.voyages-cc.fr\/WP\/wp-content\/uploads\/2025\/09\/IMG_8653-1024x576.jpg 1024w, https:\/\/www.voyages-cc.fr\/WP\/wp-content\/uploads\/2025\/09\/IMG_8653-300x169.jpg 300w, https:\/\/www.voyages-cc.fr\/WP\/wp-content\/uploads\/2025\/09\/IMG_8653-768x432.jpg 768w, https:\/\/www.voyages-cc.fr\/WP\/wp-content\/uploads\/2025\/09\/IMG_8653-1536x864.jpg 1536w, https:\/\/www.voyages-cc.fr\/WP\/wp-content\/uploads\/2025\/09\/IMG_8653-2048x1152.jpg 2048w\" sizes=\"auto, (max-width: 1024px) 100vw, 1024px\" \/><figcaption class=\"wp-element-caption\">En m\u00e9moire des a\u00e7oriens qui ont colonis\u00e9 l&rsquo;\u00eele et fond\u00e9 la ville<\/figcaption><\/figure>\n\n\n\n<figure class=\"wp-block-gallery has-nested-images columns-default is-cropped wp-block-gallery-1 is-layout-flex wp-block-gallery-is-layout-flex\">\n<figure class=\"wp-block-image size-large\"><img loading=\"lazy\" decoding=\"async\" width=\"1024\" height=\"595\" data-id=\"20201\" src=\"https:\/\/www.voyages-cc.fr\/WP\/wp-content\/uploads\/2025\/09\/20250907_104654-1024x595.jpg\" alt=\"\" class=\"wp-image-20201\" srcset=\"https:\/\/www.voyages-cc.fr\/WP\/wp-content\/uploads\/2025\/09\/20250907_104654-1024x595.jpg 1024w, https:\/\/www.voyages-cc.fr\/WP\/wp-content\/uploads\/2025\/09\/20250907_104654-300x174.jpg 300w, https:\/\/www.voyages-cc.fr\/WP\/wp-content\/uploads\/2025\/09\/20250907_104654-768x446.jpg 768w, https:\/\/www.voyages-cc.fr\/WP\/wp-content\/uploads\/2025\/09\/20250907_104654-1536x892.jpg 1536w, https:\/\/www.voyages-cc.fr\/WP\/wp-content\/uploads\/2025\/09\/20250907_104654-2048x1190.jpg 2048w\" sizes=\"auto, (max-width: 1024px) 100vw, 1024px\" \/><\/figure>\n\n\n\n<figure class=\"wp-block-image size-large\"><img loading=\"lazy\" decoding=\"async\" width=\"1024\" height=\"576\" data-id=\"20196\" src=\"https:\/\/www.voyages-cc.fr\/WP\/wp-content\/uploads\/2025\/09\/20250907_104141-1024x576.jpg\" alt=\"\" class=\"wp-image-20196\" srcset=\"https:\/\/www.voyages-cc.fr\/WP\/wp-content\/uploads\/2025\/09\/20250907_104141-1024x576.jpg 1024w, https:\/\/www.voyages-cc.fr\/WP\/wp-content\/uploads\/2025\/09\/20250907_104141-300x169.jpg 300w, https:\/\/www.voyages-cc.fr\/WP\/wp-content\/uploads\/2025\/09\/20250907_104141-768x432.jpg 768w, https:\/\/www.voyages-cc.fr\/WP\/wp-content\/uploads\/2025\/09\/20250907_104141-1536x864.jpg 1536w, https:\/\/www.voyages-cc.fr\/WP\/wp-content\/uploads\/2025\/09\/20250907_104141-2048x1152.jpg 2048w\" sizes=\"auto, (max-width: 1024px) 100vw, 1024px\" \/><\/figure>\n\n\n\n<figure class=\"wp-block-image size-large\"><img loading=\"lazy\" decoding=\"async\" width=\"1024\" height=\"587\" data-id=\"20195\" src=\"https:\/\/www.voyages-cc.fr\/WP\/wp-content\/uploads\/2025\/09\/20250907_103605-1024x587.jpg\" alt=\"\" class=\"wp-image-20195\" srcset=\"https:\/\/www.voyages-cc.fr\/WP\/wp-content\/uploads\/2025\/09\/20250907_103605-1024x587.jpg 1024w, https:\/\/www.voyages-cc.fr\/WP\/wp-content\/uploads\/2025\/09\/20250907_103605-300x172.jpg 300w, https:\/\/www.voyages-cc.fr\/WP\/wp-content\/uploads\/2025\/09\/20250907_103605-768x440.jpg 768w, https:\/\/www.voyages-cc.fr\/WP\/wp-content\/uploads\/2025\/09\/20250907_103605-1536x881.jpg 1536w, https:\/\/www.voyages-cc.fr\/WP\/wp-content\/uploads\/2025\/09\/20250907_103605-2048x1174.jpg 2048w\" sizes=\"auto, (max-width: 1024px) 100vw, 1024px\" \/><\/figure>\n<figcaption class=\"blocks-gallery-caption wp-element-caption\">Maisons de ville<\/figcaption><\/figure>\n\n\n\n<figure class=\"wp-block-image size-large\"><img loading=\"lazy\" decoding=\"async\" width=\"1024\" height=\"577\" src=\"https:\/\/www.voyages-cc.fr\/WP\/wp-content\/uploads\/2025\/09\/20250907_104255-1024x577.jpg\" alt=\"\" class=\"wp-image-20197\" srcset=\"https:\/\/www.voyages-cc.fr\/WP\/wp-content\/uploads\/2025\/09\/20250907_104255-1024x577.jpg 1024w, https:\/\/www.voyages-cc.fr\/WP\/wp-content\/uploads\/2025\/09\/20250907_104255-300x169.jpg 300w, https:\/\/www.voyages-cc.fr\/WP\/wp-content\/uploads\/2025\/09\/20250907_104255-768x432.jpg 768w, https:\/\/www.voyages-cc.fr\/WP\/wp-content\/uploads\/2025\/09\/20250907_104255-1536x865.jpg 1536w, https:\/\/www.voyages-cc.fr\/WP\/wp-content\/uploads\/2025\/09\/20250907_104255-2048x1153.jpg 2048w\" sizes=\"auto, (max-width: 1024px) 100vw, 1024px\" \/><figcaption class=\"wp-element-caption\">La plage et les bateaux de p\u00eache aux moules<\/figcaption><\/figure>\n\n\n\n<figure class=\"wp-block-image size-large\"><img loading=\"lazy\" decoding=\"async\" width=\"1024\" height=\"606\" src=\"https:\/\/www.voyages-cc.fr\/WP\/wp-content\/uploads\/2025\/09\/20250907_104318-1024x606.jpg\" alt=\"\" class=\"wp-image-20198\" srcset=\"https:\/\/www.voyages-cc.fr\/WP\/wp-content\/uploads\/2025\/09\/20250907_104318-1024x606.jpg 1024w, https:\/\/www.voyages-cc.fr\/WP\/wp-content\/uploads\/2025\/09\/20250907_104318-300x177.jpg 300w, https:\/\/www.voyages-cc.fr\/WP\/wp-content\/uploads\/2025\/09\/20250907_104318-768x454.jpg 768w, https:\/\/www.voyages-cc.fr\/WP\/wp-content\/uploads\/2025\/09\/20250907_104318-1536x909.jpg 1536w, https:\/\/www.voyages-cc.fr\/WP\/wp-content\/uploads\/2025\/09\/20250907_104318-2048x1211.jpg 2048w\" sizes=\"auto, (max-width: 1024px) 100vw, 1024px\" \/><figcaption class=\"wp-element-caption\">Il n&rsquo;y a personne sur la plage<\/figcaption><\/figure>\n\n\n\n<figure class=\"wp-block-image size-large\"><img loading=\"lazy\" decoding=\"async\" width=\"1024\" height=\"605\" src=\"https:\/\/www.voyages-cc.fr\/WP\/wp-content\/uploads\/2025\/09\/20250907_105638-1024x605.jpg\" alt=\"\" class=\"wp-image-20203\" srcset=\"https:\/\/www.voyages-cc.fr\/WP\/wp-content\/uploads\/2025\/09\/20250907_105638-1024x605.jpg 1024w, https:\/\/www.voyages-cc.fr\/WP\/wp-content\/uploads\/2025\/09\/20250907_105638-300x177.jpg 300w, https:\/\/www.voyages-cc.fr\/WP\/wp-content\/uploads\/2025\/09\/20250907_105638-768x453.jpg 768w, https:\/\/www.voyages-cc.fr\/WP\/wp-content\/uploads\/2025\/09\/20250907_105638-1536x907.jpg 1536w, https:\/\/www.voyages-cc.fr\/WP\/wp-content\/uploads\/2025\/09\/20250907_105638-2048x1209.jpg 2048w\" sizes=\"auto, (max-width: 1024px) 100vw, 1024px\" \/><figcaption class=\"wp-element-caption\">\u00c9glise et commerces<\/figcaption><\/figure>\n\n\n\n<figure class=\"wp-block-image size-large\"><img loading=\"lazy\" decoding=\"async\" width=\"1024\" height=\"577\" src=\"https:\/\/www.voyages-cc.fr\/WP\/wp-content\/uploads\/2025\/09\/20250907_104832-1024x577.jpg\" alt=\"\" class=\"wp-image-20202\" srcset=\"https:\/\/www.voyages-cc.fr\/WP\/wp-content\/uploads\/2025\/09\/20250907_104832-1024x577.jpg 1024w, https:\/\/www.voyages-cc.fr\/WP\/wp-content\/uploads\/2025\/09\/20250907_104832-300x169.jpg 300w, https:\/\/www.voyages-cc.fr\/WP\/wp-content\/uploads\/2025\/09\/20250907_104832-768x432.jpg 768w, https:\/\/www.voyages-cc.fr\/WP\/wp-content\/uploads\/2025\/09\/20250907_104832-1536x865.jpg 1536w, https:\/\/www.voyages-cc.fr\/WP\/wp-content\/uploads\/2025\/09\/20250907_104832-2048x1153.jpg 2048w\" sizes=\"auto, (max-width: 1024px) 100vw, 1024px\" \/><figcaption class=\"wp-element-caption\">Dans l&rsquo;\u00e9glise Notre-Dame des N\u00e9cessit\u00e9s<\/figcaption><\/figure>\n\n\n\n<p class=\"wp-block-paragraph\">Nous encha\u00eenons sur Freguesia do Ribeirao dans la partie sud de l&rsquo;\u00eele. La sp\u00e9cialit\u00e9 de ce village est l\u2019hu\u00eetre. En arrivant, de nombreux panneaux publicitaires tentent d&rsquo;attirer le chaland. C&rsquo;est ce qui va nous conduire dans un restaurant pour d\u00e9guster un plateau d\u2019hu\u00eetres.<\/p>\n\n\n\n<figure class=\"wp-block-image size-large\"><img loading=\"lazy\" decoding=\"async\" width=\"1024\" height=\"603\" src=\"https:\/\/www.voyages-cc.fr\/WP\/wp-content\/uploads\/2025\/09\/20250907_125757-1024x603.jpg\" alt=\"\" class=\"wp-image-20207\" srcset=\"https:\/\/www.voyages-cc.fr\/WP\/wp-content\/uploads\/2025\/09\/20250907_125757-1024x603.jpg 1024w, https:\/\/www.voyages-cc.fr\/WP\/wp-content\/uploads\/2025\/09\/20250907_125757-300x177.jpg 300w, https:\/\/www.voyages-cc.fr\/WP\/wp-content\/uploads\/2025\/09\/20250907_125757-768x453.jpg 768w, https:\/\/www.voyages-cc.fr\/WP\/wp-content\/uploads\/2025\/09\/20250907_125757-1536x905.jpg 1536w, https:\/\/www.voyages-cc.fr\/WP\/wp-content\/uploads\/2025\/09\/20250907_125757-2048x1207.jpg 2048w\" sizes=\"auto, (max-width: 1024px) 100vw, 1024px\" \/><figcaption class=\"wp-element-caption\">L&rsquo;Ostradamus, construit en partie sur l&rsquo;eau<\/figcaption><\/figure>\n\n\n\n<figure class=\"wp-block-image size-large\"><img loading=\"lazy\" decoding=\"async\" width=\"1024\" height=\"577\" src=\"https:\/\/www.voyages-cc.fr\/WP\/wp-content\/uploads\/2025\/09\/20250907_122942-1024x577.jpg\" alt=\"\" class=\"wp-image-20206\" srcset=\"https:\/\/www.voyages-cc.fr\/WP\/wp-content\/uploads\/2025\/09\/20250907_122942-1024x577.jpg 1024w, https:\/\/www.voyages-cc.fr\/WP\/wp-content\/uploads\/2025\/09\/20250907_122942-300x169.jpg 300w, https:\/\/www.voyages-cc.fr\/WP\/wp-content\/uploads\/2025\/09\/20250907_122942-768x432.jpg 768w, https:\/\/www.voyages-cc.fr\/WP\/wp-content\/uploads\/2025\/09\/20250907_122942-1536x865.jpg 1536w, https:\/\/www.voyages-cc.fr\/WP\/wp-content\/uploads\/2025\/09\/20250907_122942-2048x1153.jpg 2048w\" sizes=\"auto, (max-width: 1024px) 100vw, 1024px\" \/><figcaption class=\"wp-element-caption\">Patience !<\/figcaption><\/figure>\n\n\n\n<p class=\"wp-block-paragraph\">Les hu\u00eetres sont une vari\u00e9t\u00e9 du Pacifique, \u00e9lev\u00e9e sous nos yeux. Nous n&rsquo;avons pas pens\u00e9 que leur anatomie pouvait \u00eatre totalement diff\u00e9rente des europ\u00e9ennes. Leur aspect ressemble \u00e0 celui des hu\u00eetres laiteuses, tout en ayant de la consistante. Funeste erreur.<\/p>\n\n\n\n<figure class=\"wp-block-image size-large\"><img loading=\"lazy\" decoding=\"async\" width=\"1024\" height=\"576\" src=\"https:\/\/www.voyages-cc.fr\/WP\/wp-content\/uploads\/2025\/09\/IMG_8654-1024x576.jpg\" alt=\"\" class=\"wp-image-20209\" srcset=\"https:\/\/www.voyages-cc.fr\/WP\/wp-content\/uploads\/2025\/09\/IMG_8654-1024x576.jpg 1024w, https:\/\/www.voyages-cc.fr\/WP\/wp-content\/uploads\/2025\/09\/IMG_8654-300x169.jpg 300w, https:\/\/www.voyages-cc.fr\/WP\/wp-content\/uploads\/2025\/09\/IMG_8654-768x432.jpg 768w, https:\/\/www.voyages-cc.fr\/WP\/wp-content\/uploads\/2025\/09\/IMG_8654-1536x864.jpg 1536w, https:\/\/www.voyages-cc.fr\/WP\/wp-content\/uploads\/2025\/09\/IMG_8654-2048x1152.jpg 2048w\" sizes=\"auto, (max-width: 1024px) 100vw, 1024px\" \/><figcaption class=\"wp-element-caption\">La joie<\/figcaption><\/figure>\n\n\n\n<p class=\"wp-block-paragraph\">Brigitte d\u00e9guste sa douzaine (et plus) avec plaisir, Bruno mange \u00e0 contre c\u0153ur. Dommage.<\/p>\n\n\n\n<figure class=\"wp-block-image size-large\"><img loading=\"lazy\" decoding=\"async\" width=\"1024\" height=\"768\" src=\"https:\/\/www.voyages-cc.fr\/WP\/wp-content\/uploads\/2025\/09\/IMG_8656-1024x768.jpg\" alt=\"\" class=\"wp-image-20210\" srcset=\"https:\/\/www.voyages-cc.fr\/WP\/wp-content\/uploads\/2025\/09\/IMG_8656-1024x768.jpg 1024w, https:\/\/www.voyages-cc.fr\/WP\/wp-content\/uploads\/2025\/09\/IMG_8656-300x225.jpg 300w, https:\/\/www.voyages-cc.fr\/WP\/wp-content\/uploads\/2025\/09\/IMG_8656-768x576.jpg 768w, https:\/\/www.voyages-cc.fr\/WP\/wp-content\/uploads\/2025\/09\/IMG_8656-1536x1152.jpg 1536w, https:\/\/www.voyages-cc.fr\/WP\/wp-content\/uploads\/2025\/09\/IMG_8656-2048x1536.jpg 2048w\" sizes=\"auto, (max-width: 1024px) 100vw, 1024px\" \/><figcaption class=\"wp-element-caption\">La d\u00e9ception<\/figcaption><\/figure>\n\n\n\n<p class=\"wp-block-paragraph\">Nous prenons la route, toujours vers l&rsquo;Uruguay.<br>Arr\u00eat \u00e0 Laguna, sur le parking d&rsquo;une des plages.<\/p>\n\n\n\n<p class=\"wp-block-paragraph\">On se croirait sur les plages du nord de la France avec le vent et le ciel gris qui se confond avec la mer. On ne va pas se plaindre, il ne pleut pas.<\/p>\n\n\n\n<figure class=\"wp-block-image size-large\"><img loading=\"lazy\" decoding=\"async\" width=\"1024\" height=\"577\" src=\"https:\/\/www.voyages-cc.fr\/WP\/wp-content\/uploads\/2025\/09\/20250907_164101-1024x577.jpg\" alt=\"\" class=\"wp-image-20213\" srcset=\"https:\/\/www.voyages-cc.fr\/WP\/wp-content\/uploads\/2025\/09\/20250907_164101-1024x577.jpg 1024w, https:\/\/www.voyages-cc.fr\/WP\/wp-content\/uploads\/2025\/09\/20250907_164101-300x169.jpg 300w, https:\/\/www.voyages-cc.fr\/WP\/wp-content\/uploads\/2025\/09\/20250907_164101-768x432.jpg 768w, https:\/\/www.voyages-cc.fr\/WP\/wp-content\/uploads\/2025\/09\/20250907_164101-1536x865.jpg 1536w, https:\/\/www.voyages-cc.fr\/WP\/wp-content\/uploads\/2025\/09\/20250907_164101-2048x1153.jpg 2048w\" sizes=\"auto, (max-width: 1024px) 100vw, 1024px\" \/><figcaption class=\"wp-element-caption\">La plage<\/figcaption><\/figure>\n\n\n\n<figure class=\"wp-block-image size-large is-resized\"><img loading=\"lazy\" decoding=\"async\" width=\"768\" height=\"1024\" src=\"https:\/\/www.voyages-cc.fr\/WP\/wp-content\/uploads\/2025\/09\/20250907_170138-768x1024.jpg\" alt=\"\" class=\"wp-image-20214\" style=\"width:450px\" srcset=\"https:\/\/www.voyages-cc.fr\/WP\/wp-content\/uploads\/2025\/09\/20250907_170138-768x1024.jpg 768w, https:\/\/www.voyages-cc.fr\/WP\/wp-content\/uploads\/2025\/09\/20250907_170138-225x300.jpg 225w, https:\/\/www.voyages-cc.fr\/WP\/wp-content\/uploads\/2025\/09\/20250907_170138-1152x1536.jpg 1152w, https:\/\/www.voyages-cc.fr\/WP\/wp-content\/uploads\/2025\/09\/20250907_170138-1536x2048.jpg 1536w, https:\/\/www.voyages-cc.fr\/WP\/wp-content\/uploads\/2025\/09\/20250907_170138-scaled.jpg 1920w\" sizes=\"auto, (max-width: 768px) 100vw, 768px\" \/><figcaption class=\"wp-element-caption\">Emmitoufl\u00e9s<\/figcaption><\/figure>\n\n\n\n<figure class=\"wp-block-image size-large\"><img loading=\"lazy\" decoding=\"async\" width=\"1024\" height=\"577\" src=\"https:\/\/www.voyages-cc.fr\/WP\/wp-content\/uploads\/2025\/09\/20250907_170524-1024x577.jpg\" alt=\"\" class=\"wp-image-20216\" srcset=\"https:\/\/www.voyages-cc.fr\/WP\/wp-content\/uploads\/2025\/09\/20250907_170524-1024x577.jpg 1024w, https:\/\/www.voyages-cc.fr\/WP\/wp-content\/uploads\/2025\/09\/20250907_170524-300x169.jpg 300w, https:\/\/www.voyages-cc.fr\/WP\/wp-content\/uploads\/2025\/09\/20250907_170524-768x432.jpg 768w, https:\/\/www.voyages-cc.fr\/WP\/wp-content\/uploads\/2025\/09\/20250907_170524-1536x865.jpg 1536w, https:\/\/www.voyages-cc.fr\/WP\/wp-content\/uploads\/2025\/09\/20250907_170524-2048x1153.jpg 2048w\" sizes=\"auto, (max-width: 1024px) 100vw, 1024px\" \/><figcaption class=\"wp-element-caption\">La digue et le chenal qui relie la lagune et l&rsquo;oc\u00e9an<\/figcaption><\/figure>\n\n\n\n<p class=\"wp-block-paragraph\">La particularit\u00e9 de ce lieu est la p\u00eache assist\u00e9e par les dauphins.<br>Chaque jour, \u00e0 mar\u00e9e montante, les dauphins poussent les poissons vers la plage, au bord du chenal.<br>Les p\u00eacheurs attendent que les dauphins leur fassent signe avec la queue (c&rsquo;est ce que disent les p\u00eacheurs) pour lancer leurs filets. Les filets sont circulaires, de 5 m\u00e8tres environ de diam\u00e8tre. La technique du lancer fait qu&rsquo;ils tombent \u00e0 la surface de l&rsquo;eau parfaitement d\u00e9ploy\u00e9s.<br>On ne sait pas ce qui motive les dauphins \u00e0 \u00ab\u00a0aider\u00a0\u00bb les p\u00eacheurs.<\/p>\n\n\n\n<figure class=\"wp-block-image size-large\"><img loading=\"lazy\" decoding=\"async\" width=\"1024\" height=\"577\" src=\"https:\/\/www.voyages-cc.fr\/WP\/wp-content\/uploads\/2025\/09\/20250907_163436-1024x577.jpg\" alt=\"\" class=\"wp-image-20212\" srcset=\"https:\/\/www.voyages-cc.fr\/WP\/wp-content\/uploads\/2025\/09\/20250907_163436-1024x577.jpg 1024w, https:\/\/www.voyages-cc.fr\/WP\/wp-content\/uploads\/2025\/09\/20250907_163436-300x169.jpg 300w, https:\/\/www.voyages-cc.fr\/WP\/wp-content\/uploads\/2025\/09\/20250907_163436-768x432.jpg 768w, https:\/\/www.voyages-cc.fr\/WP\/wp-content\/uploads\/2025\/09\/20250907_163436-1536x865.jpg 1536w, https:\/\/www.voyages-cc.fr\/WP\/wp-content\/uploads\/2025\/09\/20250907_163436-2048x1153.jpg 2048w\" sizes=\"auto, (max-width: 1024px) 100vw, 1024px\" \/><figcaption class=\"wp-element-caption\">La plage o\u00f9 se d\u00e9roule la p\u00eache<\/figcaption><\/figure>\n\n\n\n<figure class=\"wp-block-image size-large\"><img loading=\"lazy\" decoding=\"async\" width=\"1024\" height=\"577\" src=\"https:\/\/www.voyages-cc.fr\/WP\/wp-content\/uploads\/2025\/09\/20250907_163119-1024x577.jpg\" alt=\"\" class=\"wp-image-20211\" srcset=\"https:\/\/www.voyages-cc.fr\/WP\/wp-content\/uploads\/2025\/09\/20250907_163119-1024x577.jpg 1024w, https:\/\/www.voyages-cc.fr\/WP\/wp-content\/uploads\/2025\/09\/20250907_163119-300x169.jpg 300w, https:\/\/www.voyages-cc.fr\/WP\/wp-content\/uploads\/2025\/09\/20250907_163119-768x432.jpg 768w, https:\/\/www.voyages-cc.fr\/WP\/wp-content\/uploads\/2025\/09\/20250907_163119-1536x865.jpg 1536w, https:\/\/www.voyages-cc.fr\/WP\/wp-content\/uploads\/2025\/09\/20250907_163119-2048x1153.jpg 2048w\" sizes=\"auto, (max-width: 1024px) 100vw, 1024px\" \/><figcaption class=\"wp-element-caption\">Dauphins entrain de pousser les poissons vers le rivage<\/figcaption><\/figure>\n\n\n\n<p class=\"wp-block-paragraph\">Il y a aussi une activit\u00e9 de p\u00eache en mer et de p\u00eache \u00e0 la ligne comme partout dans le monde.<\/p>\n\n\n\n<figure class=\"wp-block-image size-large\"><img loading=\"lazy\" decoding=\"async\" width=\"1024\" height=\"571\" src=\"https:\/\/www.voyages-cc.fr\/WP\/wp-content\/uploads\/2025\/09\/20250907_170251-1024x571.jpg\" alt=\"\" class=\"wp-image-20215\" srcset=\"https:\/\/www.voyages-cc.fr\/WP\/wp-content\/uploads\/2025\/09\/20250907_170251-1024x571.jpg 1024w, https:\/\/www.voyages-cc.fr\/WP\/wp-content\/uploads\/2025\/09\/20250907_170251-300x167.jpg 300w, https:\/\/www.voyages-cc.fr\/WP\/wp-content\/uploads\/2025\/09\/20250907_170251-768x429.jpg 768w, https:\/\/www.voyages-cc.fr\/WP\/wp-content\/uploads\/2025\/09\/20250907_170251-1536x857.jpg 1536w, https:\/\/www.voyages-cc.fr\/WP\/wp-content\/uploads\/2025\/09\/20250907_170251-2048x1143.jpg 2048w\" sizes=\"auto, (max-width: 1024px) 100vw, 1024px\" \/><figcaption class=\"wp-element-caption\">Bateau de p\u00eache rentrant dans le chenal<\/figcaption><\/figure>\n","protected":false},"excerpt":{"rendered":"<p>Nous poursuivons la visite de l&rsquo;\u00eele Santa Catarina.Ce matin, Santo Antonio de Lisboa, le saint Antoine qu&rsquo;on invoque quand on a perdu quelque chose.Ce saint Antoine est n\u00e9 \u00e0 Lisbonne en 1195 et est mort \u00e0 Padoue en 1231. D&rsquo;o\u00f9 une certaine confusion. Nous encha\u00eenons sur Freguesia do Ribeirao dans la partie sud de l&rsquo;\u00eele. [&hellip;]<\/p>\n","protected":false},"author":1,"featured_media":0,"comment_status":"open","ping_status":"closed","sticky":false,"template":"","format":"standard","meta":{"_crdt_document":"","footnotes":""},"categories":[40,45],"tags":[],"class_list":["post-20193","post","type-post","status-publish","format-standard","hentry","category-ameriques","category-bresil"],"_links":{"self":[{"href":"https:\/\/www.voyages-cc.fr\/index.php?rest_route=\/wp\/v2\/posts\/20193","targetHints":{"allow":["GET"]}}],"collection":[{"href":"https:\/\/www.voyages-cc.fr\/index.php?rest_route=\/wp\/v2\/posts"}],"about":[{"href":"https:\/\/www.voyages-cc.fr\/index.php?rest_route=\/wp\/v2\/types\/post"}],"author":[{"embeddable":true,"href":"https:\/\/www.voyages-cc.fr\/index.php?rest_route=\/wp\/v2\/users\/1"}],"replies":[{"embeddable":true,"href":"https:\/\/www.voyages-cc.fr\/index.php?rest_route=%2Fwp%2Fv2%2Fcomments&post=20193"}],"version-history":[{"count":1,"href":"https:\/\/www.voyages-cc.fr\/index.php?rest_route=\/wp\/v2\/posts\/20193\/revisions"}],"predecessor-version":[{"id":20217,"href":"https:\/\/www.voyages-cc.fr\/index.php?rest_route=\/wp\/v2\/posts\/20193\/revisions\/20217"}],"wp:attachment":[{"href":"https:\/\/www.voyages-cc.fr\/index.php?rest_route=%2Fwp%2Fv2%2Fmedia&parent=20193"}],"wp:term":[{"taxonomy":"category","embeddable":true,"href":"https:\/\/www.voyages-cc.fr\/index.php?rest_route=%2Fwp%2Fv2%2Fcategories&post=20193"},{"taxonomy":"post_tag","embeddable":true,"href":"https:\/\/www.voyages-cc.fr\/index.php?rest_route=%2Fwp%2Fv2%2Ftags&post=20193"}],"curies":[{"name":"wp","href":"https:\/\/api.w.org\/{rel}","templated":true}]}}