{"id":20194,"date":"2025-09-08T01:30:29","date_gmt":"2025-09-07T23:30:29","guid":{"rendered":"http:\/\/wordpress:8080\/?p=20181"},"modified":"2025-09-10T13:12:51","modified_gmt":"2025-09-10T11:12:51","slug":"l-08-09-25-laguna-porto-alegre","status":"publish","type":"post","link":"https:\/\/www.voyages-cc.fr\/?p=20194","title":{"rendered":"L 08\/09\/25 : Laguna &#8211; Porto Alegre"},"content":{"rendered":"\n<p class=\"wp-block-paragraph\">La pluie a commenc\u00e9 cette nuit. Elle tombera toute la journ\u00e9e, except\u00e9 lorsque nous sommes mont\u00e9s au phare de Torres. \ud83d\ude09<\/p>\n\n\n\n<p class=\"wp-block-paragraph\">La route est bord\u00e9e de rizi\u00e8res \u00e0 perte de vue. L&rsquo;eau est pr\u00e9sente partout.<\/p>\n\n\n\n<figure class=\"wp-block-image size-full\"><img loading=\"lazy\" decoding=\"async\" width=\"2560\" height=\"1440\" src=\"https:\/\/www.voyages-cc.fr\/WP\/wp-content\/uploads\/2025\/09\/IMG_8660-scaled.jpg\" alt=\"\" class=\"wp-image-20218\" srcset=\"https:\/\/www.voyages-cc.fr\/WP\/wp-content\/uploads\/2025\/09\/IMG_8660-scaled.jpg 2560w, https:\/\/www.voyages-cc.fr\/WP\/wp-content\/uploads\/2025\/09\/IMG_8660-300x169.jpg 300w\" sizes=\"auto, (max-width: 2560px) 100vw, 2560px\" \/><figcaption class=\"wp-element-caption\">Rizi\u00e8res inond\u00e9es<\/figcaption><\/figure>\n\n\n\n<p class=\"wp-block-paragraph\">Pour midi, nous nous posons \u00e0 Torres. Ce nom vient des collines qui bordent l&rsquo;oc\u00e9an et ressemblent \u00e0 des tours.<\/p>\n\n\n\n<figure class=\"wp-block-image size-large\"><img loading=\"lazy\" decoding=\"async\" width=\"1024\" height=\"563\" src=\"https:\/\/www.voyages-cc.fr\/WP\/wp-content\/uploads\/2025\/09\/20250908_143349-1024x563.jpg\" alt=\"\" class=\"wp-image-20219\" srcset=\"https:\/\/www.voyages-cc.fr\/WP\/wp-content\/uploads\/2025\/09\/20250908_143349-1024x563.jpg 1024w, https:\/\/www.voyages-cc.fr\/WP\/wp-content\/uploads\/2025\/09\/20250908_143349-300x165.jpg 300w, https:\/\/www.voyages-cc.fr\/WP\/wp-content\/uploads\/2025\/09\/20250908_143349-768x422.jpg 768w, https:\/\/www.voyages-cc.fr\/WP\/wp-content\/uploads\/2025\/09\/20250908_143349-1536x844.jpg 1536w, https:\/\/www.voyages-cc.fr\/WP\/wp-content\/uploads\/2025\/09\/20250908_143349-2048x1125.jpg 2048w\" sizes=\"auto, (max-width: 1024px) 100vw, 1024px\" \/><figcaption class=\"wp-element-caption\">Torres<\/figcaption><\/figure>\n\n\n\n<figure class=\"wp-block-image size-large\"><img loading=\"lazy\" decoding=\"async\" width=\"1024\" height=\"587\" src=\"https:\/\/www.voyages-cc.fr\/WP\/wp-content\/uploads\/2025\/09\/20250908_143626-1024x587.jpg\" alt=\"\" class=\"wp-image-20220\" srcset=\"https:\/\/www.voyages-cc.fr\/WP\/wp-content\/uploads\/2025\/09\/20250908_143626-1024x587.jpg 1024w, https:\/\/www.voyages-cc.fr\/WP\/wp-content\/uploads\/2025\/09\/20250908_143626-300x172.jpg 300w, https:\/\/www.voyages-cc.fr\/WP\/wp-content\/uploads\/2025\/09\/20250908_143626-768x440.jpg 768w, https:\/\/www.voyages-cc.fr\/WP\/wp-content\/uploads\/2025\/09\/20250908_143626-1536x880.jpg 1536w, https:\/\/www.voyages-cc.fr\/WP\/wp-content\/uploads\/2025\/09\/20250908_143626-2048x1173.jpg 2048w\" sizes=\"auto, (max-width: 1024px) 100vw, 1024px\" \/><figcaption class=\"wp-element-caption\">Diff\u00e9rents syst\u00e8mes de communication : le phare et les antennes de t\u00e9l\u00e9coms<\/figcaption><\/figure>\n\n\n\n<p class=\"wp-block-paragraph\">En fin de journ\u00e9e, nous bivouaquons de nouveau sur une station-service.<br>La circulation de camions est moins importante que dans la r\u00e9gion de Florianopolis. Le parking est peu occup\u00e9.<br><\/p>\n","protected":false},"excerpt":{"rendered":"<p>La pluie a commenc\u00e9 cette nuit. Elle tombera toute la journ\u00e9e, except\u00e9 lorsque nous sommes mont\u00e9s au phare de Torres. \ud83d\ude09 La route est bord\u00e9e de rizi\u00e8res \u00e0 perte de vue. L&rsquo;eau est pr\u00e9sente partout. Pour midi, nous nous posons \u00e0 Torres. Ce nom vient des collines qui bordent l&rsquo;oc\u00e9an et ressemblent \u00e0 des tours. [&hellip;]<\/p>\n","protected":false},"author":1,"featured_media":0,"comment_status":"open","ping_status":"closed","sticky":false,"template":"","format":"standard","meta":{"_crdt_document":"","footnotes":""},"categories":[40,45],"tags":[],"class_list":["post-20194","post","type-post","status-publish","format-standard","hentry","category-ameriques","category-bresil"],"_links":{"self":[{"href":"https:\/\/www.voyages-cc.fr\/index.php?rest_route=\/wp\/v2\/posts\/20194","targetHints":{"allow":["GET"]}}],"collection":[{"href":"https:\/\/www.voyages-cc.fr\/index.php?rest_route=\/wp\/v2\/posts"}],"about":[{"href":"https:\/\/www.voyages-cc.fr\/index.php?rest_route=\/wp\/v2\/types\/post"}],"author":[{"embeddable":true,"href":"https:\/\/www.voyages-cc.fr\/index.php?rest_route=\/wp\/v2\/users\/1"}],"replies":[{"embeddable":true,"href":"https:\/\/www.voyages-cc.fr\/index.php?rest_route=%2Fwp%2Fv2%2Fcomments&post=20194"}],"version-history":[{"count":1,"href":"https:\/\/www.voyages-cc.fr\/index.php?rest_route=\/wp\/v2\/posts\/20194\/revisions"}],"predecessor-version":[{"id":20222,"href":"https:\/\/www.voyages-cc.fr\/index.php?rest_route=\/wp\/v2\/posts\/20194\/revisions\/20222"}],"wp:attachment":[{"href":"https:\/\/www.voyages-cc.fr\/index.php?rest_route=%2Fwp%2Fv2%2Fmedia&parent=20194"}],"wp:term":[{"taxonomy":"category","embeddable":true,"href":"https:\/\/www.voyages-cc.fr\/index.php?rest_route=%2Fwp%2Fv2%2Fcategories&post=20194"},{"taxonomy":"post_tag","embeddable":true,"href":"https:\/\/www.voyages-cc.fr\/index.php?rest_route=%2Fwp%2Fv2%2Ftags&post=20194"}],"curies":[{"name":"wp","href":"https:\/\/api.w.org\/{rel}","templated":true}]}}