{"id":20279,"date":"2025-09-11T15:05:24","date_gmt":"2025-09-11T13:05:24","guid":{"rendered":"http:\/\/wordpress:8080\/?p=20279"},"modified":"2025-09-13T14:32:59","modified_gmt":"2025-09-13T12:32:59","slug":"j-11-09-25-santa-vitoria-do-palmar-punta-del-diablo","status":"publish","type":"post","link":"https:\/\/www.voyages-cc.fr\/?p=20279","title":{"rendered":"J 11\/09\/25 : Santa Vitoria do Palmar &#8211; Punta del Diablo"},"content":{"rendered":"\n<figure class=\"wp-block-image size-large\"><img loading=\"lazy\" decoding=\"async\" width=\"1024\" height=\"576\" src=\"https:\/\/www.voyages-cc.fr\/WP\/wp-content\/uploads\/2025\/09\/IMG_8715-1024x576.jpg\" alt=\"\" class=\"wp-image-20282\" srcset=\"https:\/\/www.voyages-cc.fr\/WP\/wp-content\/uploads\/2025\/09\/IMG_8715-1024x576.jpg 1024w, https:\/\/www.voyages-cc.fr\/WP\/wp-content\/uploads\/2025\/09\/IMG_8715-300x169.jpg 300w, https:\/\/www.voyages-cc.fr\/WP\/wp-content\/uploads\/2025\/09\/IMG_8715-768x432.jpg 768w, https:\/\/www.voyages-cc.fr\/WP\/wp-content\/uploads\/2025\/09\/IMG_8715-1536x864.jpg 1536w, https:\/\/www.voyages-cc.fr\/WP\/wp-content\/uploads\/2025\/09\/IMG_8715-2048x1152.jpg 2048w\" sizes=\"auto, (max-width: 1024px) 100vw, 1024px\" \/><figcaption class=\"wp-element-caption\">Derni\u00e8re photo du Br\u00e9sil<\/figcaption><\/figure>\n\n\n\n<p class=\"wp-block-paragraph\">\u00c7a y est nous passons la fronti\u00e8re Br\u00e9sil \/Uruguay au poste de Chu\u00ec (Br\u00e9sil) \/ Chuy (Uruguay). On fait les formalit\u00e9s de sortie du Br\u00e9sil avant d&rsquo;entrer dans Chu\u00ec  et les formalit\u00e9s d&rsquo;entr\u00e9e en Uruguay en sortant de Chuy. Entre deux, la fronti\u00e8re n&rsquo;est pas mat\u00e9rialis\u00e9e, seule la langue change.<br>Les fronti\u00e8res ne nous affolent plus depuis le temps\ud83d\ude01\u00c7a sent la fin\ud83d\ude22<\/p>\n\n\n\n<figure class=\"wp-block-image size-large\"><img loading=\"lazy\" decoding=\"async\" width=\"1024\" height=\"576\" src=\"https:\/\/www.voyages-cc.fr\/WP\/wp-content\/uploads\/2025\/09\/IMG_8716-1024x576.jpg\" alt=\"\" class=\"wp-image-20283\" srcset=\"https:\/\/www.voyages-cc.fr\/WP\/wp-content\/uploads\/2025\/09\/IMG_8716-1024x576.jpg 1024w, https:\/\/www.voyages-cc.fr\/WP\/wp-content\/uploads\/2025\/09\/IMG_8716-300x169.jpg 300w, https:\/\/www.voyages-cc.fr\/WP\/wp-content\/uploads\/2025\/09\/IMG_8716-768x432.jpg 768w, https:\/\/www.voyages-cc.fr\/WP\/wp-content\/uploads\/2025\/09\/IMG_8716-1536x864.jpg 1536w, https:\/\/www.voyages-cc.fr\/WP\/wp-content\/uploads\/2025\/09\/IMG_8716-2048x1152.jpg 2048w\" sizes=\"auto, (max-width: 1024px) 100vw, 1024px\" \/><figcaption class=\"wp-element-caption\">Retour en Uruguay<\/figcaption><\/figure>\n\n\n\n<p class=\"wp-block-paragraph\">Nous d\u00e9cidons d\u2019offrir \u00e0 Trottinette un petit p\u00e8lerinage sur des lieux qui nous ont marqu\u00e9s lors de nos premi\u00e8res visites.<\/p>\n\n\n\n<figure class=\"wp-block-image size-large\"><img loading=\"lazy\" decoding=\"async\" width=\"1024\" height=\"576\" src=\"https:\/\/www.voyages-cc.fr\/WP\/wp-content\/uploads\/2025\/09\/IMG_8720-1024x576.jpg\" alt=\"\" class=\"wp-image-20284\" srcset=\"https:\/\/www.voyages-cc.fr\/WP\/wp-content\/uploads\/2025\/09\/IMG_8720-1024x576.jpg 1024w, https:\/\/www.voyages-cc.fr\/WP\/wp-content\/uploads\/2025\/09\/IMG_8720-300x169.jpg 300w, https:\/\/www.voyages-cc.fr\/WP\/wp-content\/uploads\/2025\/09\/IMG_8720-768x432.jpg 768w, https:\/\/www.voyages-cc.fr\/WP\/wp-content\/uploads\/2025\/09\/IMG_8720-1536x864.jpg 1536w, https:\/\/www.voyages-cc.fr\/WP\/wp-content\/uploads\/2025\/09\/IMG_8720-2048x1152.jpg 2048w\" sizes=\"auto, (max-width: 1024px) 100vw, 1024px\" \/><figcaption class=\"wp-element-caption\">Laguna Negra<\/figcaption><\/figure>\n\n\n\n<figure class=\"wp-block-image size-large\"><img loading=\"lazy\" decoding=\"async\" width=\"1024\" height=\"576\" src=\"https:\/\/www.voyages-cc.fr\/WP\/wp-content\/uploads\/2025\/09\/IMG_8723-1024x576.jpg\" alt=\"\" class=\"wp-image-20285\" srcset=\"https:\/\/www.voyages-cc.fr\/WP\/wp-content\/uploads\/2025\/09\/IMG_8723-1024x576.jpg 1024w, https:\/\/www.voyages-cc.fr\/WP\/wp-content\/uploads\/2025\/09\/IMG_8723-300x169.jpg 300w, https:\/\/www.voyages-cc.fr\/WP\/wp-content\/uploads\/2025\/09\/IMG_8723-768x432.jpg 768w, https:\/\/www.voyages-cc.fr\/WP\/wp-content\/uploads\/2025\/09\/IMG_8723-1536x864.jpg 1536w, https:\/\/www.voyages-cc.fr\/WP\/wp-content\/uploads\/2025\/09\/IMG_8723-2048x1152.jpg 2048w\" sizes=\"auto, (max-width: 1024px) 100vw, 1024px\" \/><figcaption class=\"wp-element-caption\">Punta del Diablo<\/figcaption><\/figure>\n\n\n\n<figure class=\"wp-block-image size-large is-resized\"><img loading=\"lazy\" decoding=\"async\" width=\"768\" height=\"1024\" src=\"https:\/\/www.voyages-cc.fr\/WP\/wp-content\/uploads\/2025\/09\/IMG_8724-768x1024.jpg\" alt=\"\" class=\"wp-image-20286\" style=\"width:450px\" srcset=\"https:\/\/www.voyages-cc.fr\/WP\/wp-content\/uploads\/2025\/09\/IMG_8724-768x1024.jpg 768w, https:\/\/www.voyages-cc.fr\/WP\/wp-content\/uploads\/2025\/09\/IMG_8724-225x300.jpg 225w, https:\/\/www.voyages-cc.fr\/WP\/wp-content\/uploads\/2025\/09\/IMG_8724-1152x1536.jpg 1152w, https:\/\/www.voyages-cc.fr\/WP\/wp-content\/uploads\/2025\/09\/IMG_8724-1536x2048.jpg 1536w, https:\/\/www.voyages-cc.fr\/WP\/wp-content\/uploads\/2025\/09\/IMG_8724-scaled.jpg 1920w\" sizes=\"auto, (max-width: 768px) 100vw, 768px\" \/><figcaption class=\"wp-element-caption\">Comme en France<\/figcaption><\/figure>\n\n\n\n<figure class=\"wp-block-image size-large\"><img loading=\"lazy\" decoding=\"async\" width=\"1024\" height=\"576\" src=\"https:\/\/www.voyages-cc.fr\/WP\/wp-content\/uploads\/2025\/09\/IMG_8725-1024x576.jpg\" alt=\"\" class=\"wp-image-20287\" srcset=\"https:\/\/www.voyages-cc.fr\/WP\/wp-content\/uploads\/2025\/09\/IMG_8725-1024x576.jpg 1024w, https:\/\/www.voyages-cc.fr\/WP\/wp-content\/uploads\/2025\/09\/IMG_8725-300x169.jpg 300w, https:\/\/www.voyages-cc.fr\/WP\/wp-content\/uploads\/2025\/09\/IMG_8725-768x432.jpg 768w, https:\/\/www.voyages-cc.fr\/WP\/wp-content\/uploads\/2025\/09\/IMG_8725-1536x864.jpg 1536w, https:\/\/www.voyages-cc.fr\/WP\/wp-content\/uploads\/2025\/09\/IMG_8725-2048x1152.jpg 2048w\" sizes=\"auto, (max-width: 1024px) 100vw, 1024px\" \/><figcaption class=\"wp-element-caption\">Emplacements pour camping-cars<\/figcaption><\/figure>\n","protected":false},"excerpt":{"rendered":"<p>\u00c7a y est nous passons la fronti\u00e8re Br\u00e9sil \/Uruguay au poste de Chu\u00ec (Br\u00e9sil) \/ Chuy (Uruguay). On fait les formalit\u00e9s de sortie du Br\u00e9sil avant d&rsquo;entrer dans Chu\u00ec et les formalit\u00e9s d&rsquo;entr\u00e9e en Uruguay en sortant de Chuy. Entre deux, la fronti\u00e8re n&rsquo;est pas mat\u00e9rialis\u00e9e, seule la langue change.Les fronti\u00e8res ne nous affolent plus [&hellip;]<\/p>\n","protected":false},"author":1,"featured_media":0,"comment_status":"open","ping_status":"closed","sticky":false,"template":"","format":"standard","meta":{"_crdt_document":"","footnotes":""},"categories":[40,45,44],"tags":[],"class_list":["post-20279","post","type-post","status-publish","format-standard","hentry","category-ameriques","category-bresil","category-uruguay"],"_links":{"self":[{"href":"https:\/\/www.voyages-cc.fr\/index.php?rest_route=\/wp\/v2\/posts\/20279","targetHints":{"allow":["GET"]}}],"collection":[{"href":"https:\/\/www.voyages-cc.fr\/index.php?rest_route=\/wp\/v2\/posts"}],"about":[{"href":"https:\/\/www.voyages-cc.fr\/index.php?rest_route=\/wp\/v2\/types\/post"}],"author":[{"embeddable":true,"href":"https:\/\/www.voyages-cc.fr\/index.php?rest_route=\/wp\/v2\/users\/1"}],"replies":[{"embeddable":true,"href":"https:\/\/www.voyages-cc.fr\/index.php?rest_route=%2Fwp%2Fv2%2Fcomments&post=20279"}],"version-history":[{"count":1,"href":"https:\/\/www.voyages-cc.fr\/index.php?rest_route=\/wp\/v2\/posts\/20279\/revisions"}],"predecessor-version":[{"id":20293,"href":"https:\/\/www.voyages-cc.fr\/index.php?rest_route=\/wp\/v2\/posts\/20279\/revisions\/20293"}],"wp:attachment":[{"href":"https:\/\/www.voyages-cc.fr\/index.php?rest_route=%2Fwp%2Fv2%2Fmedia&parent=20279"}],"wp:term":[{"taxonomy":"category","embeddable":true,"href":"https:\/\/www.voyages-cc.fr\/index.php?rest_route=%2Fwp%2Fv2%2Fcategories&post=20279"},{"taxonomy":"post_tag","embeddable":true,"href":"https:\/\/www.voyages-cc.fr\/index.php?rest_route=%2Fwp%2Fv2%2Ftags&post=20279"}],"curies":[{"name":"wp","href":"https:\/\/api.w.org\/{rel}","templated":true}]}}