{"id":4674,"date":"2019-02-12T20:40:52","date_gmt":"2019-02-12T19:40:52","guid":{"rendered":"https:\/\/www.voyages-cc.fr\/?p=4674"},"modified":"2019-02-12T21:35:14","modified_gmt":"2019-02-12T20:35:14","slug":"mardi-12-fevrier-2019-taliouine-assaisse","status":"publish","type":"post","link":"https:\/\/www.voyages-cc.fr\/?p=4674","title":{"rendered":"Mardi 12 f\u00e9vrier 2019 : Taliouine &#8211; Assaisse"},"content":{"rendered":"\n<p class=\"wp-block-paragraph\">Ce matin nous prenons notre temps. Lecture, douche, m\u00e9nage.&nbsp;<\/p>\n\n\n\n<p class=\"wp-block-paragraph\">Bruno se renseigne. Le forfait journ\u00e9e s\u2019arr\u00eate \u00e0 12h.&nbsp;<\/p>\n\n\n\n<p class=\"wp-block-paragraph\">Services faits nous quittons le camping.&nbsp;<\/p>\n\n\n\n<p class=\"wp-block-paragraph\">Direction la ville.&nbsp;<\/p>\n\n\n\n<p class=\"wp-block-paragraph\">Il faut faire recharger notre forfait internet et acheter du pain.&nbsp;<\/p>\n\n\n\n<p class=\"wp-block-paragraph\">Nous\n trouvons tout cela dans la longue rue que forme la ville. Tr\u00e8s anim\u00e9e \nce matin. Au retour nous sentons des odeurs de grillades. Nous avons \nfaim. \u00c7a tombe bien. Ce sera 2 keftas \/ frites et une petite salade de \nl\u00e9gumes.&nbsp;<\/p>\n\n\n\n<p class=\"wp-block-paragraph\">Parfait. Il y en m\u00eame trop. Brigitte donne m\u00eame quelques restes de viande \u00e0 un chat qui r\u00f4de.&nbsp;<\/p>\n\n\n\n<p class=\"wp-block-paragraph\">Repas pris en regardant l\u2019animation autour de nous. C\u2019est sympa.&nbsp;<\/p>\n\n\n\n<p class=\"wp-block-paragraph\">Nous  reprenons le camping car pour rejoindre Assaisse dans la montagne \u00e0 une trentaine  de km par une route correcte. De l\u00e0, demain, nous irons \u00e0 pied (6 km A\/R) vers les  gorges de Tislit.&nbsp;<\/p>\n\n\n\n<figure class=\"wp-block-image\"><img loading=\"lazy\" decoding=\"async\" width=\"1024\" height=\"683\" src=\"https:\/\/www.voyages-cc.fr\/WP\/wp-content\/uploads\/2019\/02\/70D002_6147-1024x683.jpg\" alt=\"\" class=\"wp-image-4676\" srcset=\"https:\/\/www.voyages-cc.fr\/WP\/wp-content\/uploads\/2019\/02\/70D002_6147-1024x683.jpg 1024w, https:\/\/www.voyages-cc.fr\/WP\/wp-content\/uploads\/2019\/02\/70D002_6147-300x200.jpg 300w, https:\/\/www.voyages-cc.fr\/WP\/wp-content\/uploads\/2019\/02\/70D002_6147-768x512.jpg 768w, https:\/\/www.voyages-cc.fr\/WP\/wp-content\/uploads\/2019\/02\/70D002_6147-750x500.jpg 750w, https:\/\/www.voyages-cc.fr\/WP\/wp-content\/uploads\/2019\/02\/70D002_6147.jpg 1152w\" sizes=\"auto, (max-width: 1024px) 100vw, 1024px\" \/><figcaption>Contraste entre mosqu\u00e9e et village<\/figcaption><\/figure>\n\n\n\n<p class=\"wp-block-paragraph\">Nous  nous garons sur une place pr\u00e8s du souk et de l\u2019\u00e9cole. Bruno s\u2019acharne \u00e0  r\u00e9parer la porte de notre cube qui ne ferme plus comme il faut. Elle  serait voil\u00e9e.&nbsp;<\/p>\n\n\n\n<p class=\"wp-block-paragraph\">Ce  faisant un jeune trekeur marocain en repos par l\u00e0 vient le voir pour  trouver de quoi r\u00e9parer son objectif. En vain, il n\u2019a pas l\u2019outil ad\u00e9quat.&nbsp;<\/p>\n\n\n\n<figure class=\"wp-block-image is-resized\"><img loading=\"lazy\" decoding=\"async\" src=\"https:\/\/www.voyages-cc.fr\/WP\/wp-content\/uploads\/2019\/02\/IMG_3325-683x1024.jpg\" alt=\"\" class=\"wp-image-4700\" width=\"342\" height=\"512\" srcset=\"https:\/\/www.voyages-cc.fr\/WP\/wp-content\/uploads\/2019\/02\/IMG_3325-683x1024.jpg 683w, https:\/\/www.voyages-cc.fr\/WP\/wp-content\/uploads\/2019\/02\/IMG_3325-200x300.jpg 200w, https:\/\/www.voyages-cc.fr\/WP\/wp-content\/uploads\/2019\/02\/IMG_3325-768x1152.jpg 768w, https:\/\/www.voyages-cc.fr\/WP\/wp-content\/uploads\/2019\/02\/IMG_3325-750x1125.jpg 750w, https:\/\/www.voyages-cc.fr\/WP\/wp-content\/uploads\/2019\/02\/IMG_3325.jpg 800w\" sizes=\"auto, (max-width: 342px) 100vw, 342px\" \/><figcaption>Trekeur<\/figcaption><\/figure>\n\n\n\n<p class=\"wp-block-paragraph\">Beaucoup  d\u2019animation sur cette place. Un commer\u00e7ant a install\u00e9 son \u00e9tal. Ce qui  nous fait penser que demain est jour de souk dans le village. Il nous  faut trouver un autre endroit pour se poser. Brigitte part en  reconnaissance et interroge un monsieur \u00e2g\u00e9 qui tr\u00e8s aimablement lui  parle en fran\u00e7ais correct, l\u2019assurant que le lieu qu\u2019elle a choisi ne  pose pas de probl\u00e8me et qu\u2019il aura un \u0153il dessus demain pendant la  balade.&nbsp;<\/p>\n\n\n\n<p class=\"wp-block-paragraph\">Nous\n nous d\u00e9pla\u00e7ons donc. Nous revoyons cet homme qui nous demande d\u2019o\u00f9 nous\n venons. France. Oui mais o\u00f9 ? Pr\u00e8s de Paris. Lui il est all\u00e9 \u00e0 Lille. \nEt nous voil\u00e0 partis sur le nord. Il a \u00e9t\u00e9 mineur \u00e0 Billy-Montigny \npendant 14 ans!!<\/p>\n\n\n\n<p class=\"wp-block-paragraph\">Nous avons \u00e9chang\u00e9 sur son travail, sa vie, sa famille rest\u00e9e au pays. Il \u00e9tait heureux et nous aussi.&nbsp;<\/p>\n\n\n\n<p class=\"wp-block-paragraph\">Nous dormons ce soir au c\u0153ur du djebel Skoura.&nbsp;<\/p>\n\n\n\n<figure class=\"wp-block-image\"><img loading=\"lazy\" decoding=\"async\" width=\"1024\" height=\"683\" src=\"https:\/\/www.voyages-cc.fr\/WP\/wp-content\/uploads\/2019\/02\/70D002_6153-1024x683.jpg\" alt=\"\" class=\"wp-image-4677\" srcset=\"https:\/\/www.voyages-cc.fr\/WP\/wp-content\/uploads\/2019\/02\/70D002_6153-1024x683.jpg 1024w, https:\/\/www.voyages-cc.fr\/WP\/wp-content\/uploads\/2019\/02\/70D002_6153-300x200.jpg 300w, https:\/\/www.voyages-cc.fr\/WP\/wp-content\/uploads\/2019\/02\/70D002_6153-768x512.jpg 768w, https:\/\/www.voyages-cc.fr\/WP\/wp-content\/uploads\/2019\/02\/70D002_6153-750x500.jpg 750w, https:\/\/www.voyages-cc.fr\/WP\/wp-content\/uploads\/2019\/02\/70D002_6153.jpg 1152w\" sizes=\"auto, (max-width: 1024px) 100vw, 1024px\" \/><figcaption>Assaisse au milieu du plateau<\/figcaption><\/figure>\n\n\n\n<figure><iframe loading=\"lazy\" src=\"https:\/\/www.google.com\/maps\/embed?pb=!1m26!1m12!1m3!1d219973.50881037518!2d-7.9065960006600715!3d30.518605081839073!2m3!1f0!2f0!3f0!3m2!1i1024!2i768!4f13.1!4m11!3e0!4m3!3m2!1d30.5296177!2d-7.9195899!4m5!1s0xdba7b53365610e3%3A0xaf7691ad4f9741d!2sAssaisse!3m2!1d30.574154099999998!2d-7.6127772!5e0!3m2!1sfr!2sma!4v1550001447669\" style=\"border:0\" allowfullscreen=\"\" width=\"600\" height=\"450\" frameborder=\"0\"><\/iframe><\/figure>\n","protected":false},"excerpt":{"rendered":"<p>Ce matin nous prenons notre temps. Lecture, douche, m\u00e9nage.&nbsp; Bruno se renseigne. Le forfait journ\u00e9e s\u2019arr\u00eate \u00e0 12h.&nbsp; Services faits nous quittons le camping.&nbsp; Direction la ville.&nbsp; Il faut faire recharger notre forfait internet et acheter du pain.&nbsp; Nous trouvons tout cela dans la longue rue que forme la ville. Tr\u00e8s anim\u00e9e ce matin. Au [&hellip;]<\/p>\n","protected":false},"author":1,"featured_media":0,"comment_status":"open","ping_status":"closed","sticky":false,"template":"","format":"standard","meta":{"_crdt_document":"","footnotes":""},"categories":[33],"tags":[],"class_list":["post-4674","post","type-post","status-publish","format-standard","hentry","category-maroc-2019"],"_links":{"self":[{"href":"https:\/\/www.voyages-cc.fr\/index.php?rest_route=\/wp\/v2\/posts\/4674","targetHints":{"allow":["GET"]}}],"collection":[{"href":"https:\/\/www.voyages-cc.fr\/index.php?rest_route=\/wp\/v2\/posts"}],"about":[{"href":"https:\/\/www.voyages-cc.fr\/index.php?rest_route=\/wp\/v2\/types\/post"}],"author":[{"embeddable":true,"href":"https:\/\/www.voyages-cc.fr\/index.php?rest_route=\/wp\/v2\/users\/1"}],"replies":[{"embeddable":true,"href":"https:\/\/www.voyages-cc.fr\/index.php?rest_route=%2Fwp%2Fv2%2Fcomments&post=4674"}],"version-history":[{"count":5,"href":"https:\/\/www.voyages-cc.fr\/index.php?rest_route=\/wp\/v2\/posts\/4674\/revisions"}],"predecessor-version":[{"id":4701,"href":"https:\/\/www.voyages-cc.fr\/index.php?rest_route=\/wp\/v2\/posts\/4674\/revisions\/4701"}],"wp:attachment":[{"href":"https:\/\/www.voyages-cc.fr\/index.php?rest_route=%2Fwp%2Fv2%2Fmedia&parent=4674"}],"wp:term":[{"taxonomy":"category","embeddable":true,"href":"https:\/\/www.voyages-cc.fr\/index.php?rest_route=%2Fwp%2Fv2%2Fcategories&post=4674"},{"taxonomy":"post_tag","embeddable":true,"href":"https:\/\/www.voyages-cc.fr\/index.php?rest_route=%2Fwp%2Fv2%2Ftags&post=4674"}],"curies":[{"name":"wp","href":"https:\/\/api.w.org\/{rel}","templated":true}]}}