{"id":4823,"date":"2019-02-23T11:11:07","date_gmt":"2019-02-23T10:11:07","guid":{"rendered":"https:\/\/www.voyages-cc.fr\/?p=4823"},"modified":"2019-02-28T11:35:45","modified_gmt":"2019-02-28T10:35:45","slug":"samedi-23-fevrier-2019-marrakech-ait-ben-addou","status":"publish","type":"post","link":"https:\/\/www.voyages-cc.fr\/?p=4823","title":{"rendered":"Samedi 23 f\u00e9vrier 2019 : Marrakech &#8211; A\u00eft Ben Addou"},"content":{"rendered":"\n<p class=\"wp-block-paragraph\">Nous quittons Marrakech de bonne heure pour nous rendre \u00e0 Ouarzazate et faire d\u00e9couvrir aux filles le d\u00e9sert et un autre Maroc.<\/p>\n\n\n\n<p class=\"wp-block-paragraph\">La nationale qui y m\u00e8ne est en travaux \u00e0 certains endroits et la circulation y est un peu difficile. En cours de  route nous passons le col de Tizi -n-Tichka avec des restes de neige. Nous entrons dans les zones d\u00e9sertiques. 5h de route nous m\u00e8nent \u00e0 A\u00eft Ben Addou.<\/p>\n\n\n\n<p class=\"wp-block-paragraph\">Juliette et Maud sont sous le charme. Nous nous garons pr\u00e8s du site et nous posons jusque demain. La route \u00e9tait difficile avec ses 35 km de travaux titanesques \u00e0 m\u00eame la circulation.<\/p>\n\n\n\n<p class=\"wp-block-paragraph\">Apr\u00e8s-midi visite du ksour et de l\u2019agadir.<\/p>\n\n\n\n<figure class=\"wp-block-image\"><img loading=\"lazy\" decoding=\"async\" width=\"1024\" height=\"702\" src=\"https:\/\/www.voyages-cc.fr\/WP\/wp-content\/uploads\/2019\/02\/70D002_6249-1024x702.jpg\" alt=\"\" class=\"wp-image-4838\" srcset=\"https:\/\/www.voyages-cc.fr\/WP\/wp-content\/uploads\/2019\/02\/70D002_6249-1024x702.jpg 1024w, https:\/\/www.voyages-cc.fr\/WP\/wp-content\/uploads\/2019\/02\/70D002_6249-300x206.jpg 300w, https:\/\/www.voyages-cc.fr\/WP\/wp-content\/uploads\/2019\/02\/70D002_6249-768x526.jpg 768w, https:\/\/www.voyages-cc.fr\/WP\/wp-content\/uploads\/2019\/02\/70D002_6249-750x514.jpg 750w, https:\/\/www.voyages-cc.fr\/WP\/wp-content\/uploads\/2019\/02\/70D002_6249.jpg 1121w\" sizes=\"auto, (max-width: 1024px) 100vw, 1024px\" \/><figcaption> A\u00eft Ben Addou<\/figcaption><\/figure>\n\n\n\n<figure class=\"wp-block-image\"><img loading=\"lazy\" decoding=\"async\" width=\"1024\" height=\"683\" src=\"https:\/\/www.voyages-cc.fr\/WP\/wp-content\/uploads\/2019\/02\/IMG_3627-1024x683.jpg\" alt=\"\" class=\"wp-image-4839\" srcset=\"https:\/\/www.voyages-cc.fr\/WP\/wp-content\/uploads\/2019\/02\/IMG_3627-1024x683.jpg 1024w, https:\/\/www.voyages-cc.fr\/WP\/wp-content\/uploads\/2019\/02\/IMG_3627-300x200.jpg 300w, https:\/\/www.voyages-cc.fr\/WP\/wp-content\/uploads\/2019\/02\/IMG_3627-768x512.jpg 768w, https:\/\/www.voyages-cc.fr\/WP\/wp-content\/uploads\/2019\/02\/IMG_3627-750x500.jpg 750w, https:\/\/www.voyages-cc.fr\/WP\/wp-content\/uploads\/2019\/02\/IMG_3627.jpg 1152w\" sizes=\"auto, (max-width: 1024px) 100vw, 1024px\" \/><figcaption>Vue depuis l&rsquo;agadir<\/figcaption><\/figure>\n\n\n\n<p class=\"wp-block-paragraph\">Puis repos. Juliette et Maud redescendent dans l\u2019oued pour des s\u00e9ances photos. Soir\u00e9e calme.  <\/p>\n\n\n<p><iframe loading=\"lazy\" src=\"https:\/\/www.google.com\/maps\/embed?pb=!1m25!1m12!1m3!1d4305.730889314569!2d-7.13369275840836!3d31.043715363859683!2m3!1f0!2f0!3f0!3m2!1i1024!2i768!4f13.1!4m10!3e0!4m4!2s31.7206+-7.98159!3m2!1d31.720599999999997!2d-7.98159!4m3!3m2!1d31.042729299999998!2d-7.1295760999999995!5e1!3m2!1sfr!2sma!4v1551262236203\" style=\"border:0\" allowfullscreen=\"\" width=\"600\" height=\"450\" frameborder=\"0\"><\/iframe><\/p>\n","protected":false},"excerpt":{"rendered":"<p>Nous quittons Marrakech de bonne heure pour nous rendre \u00e0 Ouarzazate et faire d\u00e9couvrir aux filles le d\u00e9sert et un autre Maroc. La nationale qui y m\u00e8ne est en travaux \u00e0 certains endroits et la circulation y est un peu difficile. En cours de route nous passons le col de Tizi -n-Tichka avec des restes [&hellip;]<\/p>\n","protected":false},"author":1,"featured_media":0,"comment_status":"open","ping_status":"closed","sticky":false,"template":"","format":"standard","meta":{"_crdt_document":"","footnotes":""},"categories":[33],"tags":[],"class_list":["post-4823","post","type-post","status-publish","format-standard","hentry","category-maroc-2019"],"_links":{"self":[{"href":"https:\/\/www.voyages-cc.fr\/index.php?rest_route=\/wp\/v2\/posts\/4823","targetHints":{"allow":["GET"]}}],"collection":[{"href":"https:\/\/www.voyages-cc.fr\/index.php?rest_route=\/wp\/v2\/posts"}],"about":[{"href":"https:\/\/www.voyages-cc.fr\/index.php?rest_route=\/wp\/v2\/types\/post"}],"author":[{"embeddable":true,"href":"https:\/\/www.voyages-cc.fr\/index.php?rest_route=\/wp\/v2\/users\/1"}],"replies":[{"embeddable":true,"href":"https:\/\/www.voyages-cc.fr\/index.php?rest_route=%2Fwp%2Fv2%2Fcomments&post=4823"}],"version-history":[{"count":4,"href":"https:\/\/www.voyages-cc.fr\/index.php?rest_route=\/wp\/v2\/posts\/4823\/revisions"}],"predecessor-version":[{"id":4862,"href":"https:\/\/www.voyages-cc.fr\/index.php?rest_route=\/wp\/v2\/posts\/4823\/revisions\/4862"}],"wp:attachment":[{"href":"https:\/\/www.voyages-cc.fr\/index.php?rest_route=%2Fwp%2Fv2%2Fmedia&parent=4823"}],"wp:term":[{"taxonomy":"category","embeddable":true,"href":"https:\/\/www.voyages-cc.fr\/index.php?rest_route=%2Fwp%2Fv2%2Fcategories&post=4823"},{"taxonomy":"post_tag","embeddable":true,"href":"https:\/\/www.voyages-cc.fr\/index.php?rest_route=%2Fwp%2Fv2%2Ftags&post=4823"}],"curies":[{"name":"wp","href":"https:\/\/api.w.org\/{rel}","templated":true}]}}